[{"@context":"https:\/\/schema.org\/","@type":"Article","@id":"https:\/\/www.prosvetkolemnas.cz\/zavitejte-i-vy-do-pujcoven-svatebnich-satu\/#Article","mainEntityOfPage":"https:\/\/www.prosvetkolemnas.cz\/zavitejte-i-vy-do-pujcoven-svatebnich-satu\/","headline":"Zav\u00edtejte i vy do p\u016fj\u010doven svatebn\u00edch \u0161at\u016f","name":"Zav\u00edtejte i vy do p\u016fj\u010doven svatebn\u00edch \u0161at\u016f","description":"Pokud je n\u011bco dobr\u00e9 nenech\u00e1vat na posledn\u00ed chv\u00edli, pak je to zap\u016fj\u010den\u00ed \u0161at\u016f. Je dobr\u00e9 n\u011bco takov\u00e9ho \u0159e\u0161it v dostate\u010dn\u00e9m p\u0159edstihu a to proto, aby se v\u00e1m nestalo, \u017ee nebudete m\u00edt \u0161aty dle va\u0161ich p\u0159edstav. Je mnoho nev\u011bst, kter\u00e9 maj\u00ed <a href=\"https:\/\/www.prosvetkolemnas.cz\/zavitejte-i-vy-do-pujcoven-svatebnich-satu\/\" class=\"read-more\">Read More<\/a>","datePublished":"2025-09-05","dateModified":"2025-09-05","author":{"@type":"Person","@id":"https:\/\/www.prosvetkolemnas.cz\/author\/#Person","name":"","url":"https:\/\/www.prosvetkolemnas.cz\/author\/","identifier":1,"image":{"@type":"ImageObject","@id":"https:\/\/secure.gravatar.com\/avatar\/4a857923b487546550539169ba61d16e7910c692fb61fb4681a6882b9bc918c0?s=96&d=mm&r=g","url":"https:\/\/secure.gravatar.com\/avatar\/4a857923b487546550539169ba61d16e7910c692fb61fb4681a6882b9bc918c0?s=96&d=mm&r=g","height":96,"width":96}},"publisher":{"@type":"Organization","name":"prosvetkolemnas.cz","logo":{"@type":"ImageObject","@id":"\/logo.png","url":"\/logo.png","width":600,"height":60}},"image":{"@type":"ImageObject","@id":"https:\/\/www.prosvetkolemnas.cz\/wp-content\/uploads\/bride-1874655_640_2.jpg","url":"https:\/\/www.prosvetkolemnas.cz\/wp-content\/uploads\/bride-1874655_640_2.jpg","height":0,"width":0},"url":"https:\/\/www.prosvetkolemnas.cz\/zavitejte-i-vy-do-pujcoven-svatebnich-satu\/","about":["Firmy"],"wordCount":465,"articleBody":"         Pokud je n\u011bco dobr\u00e9 nenech\u00e1vat na posledn\u00ed chv\u00edli, pak je to zap\u016fj\u010den\u00ed \u0161at\u016f. Je dobr\u00e9 n\u011bco takov\u00e9ho \u0159e\u0161it v dostate\u010dn\u00e9m p\u0159edstihu a to proto, aby se v\u00e1m nestalo, \u017ee nebudete m\u00edt \u0161aty dle va\u0161ich p\u0159edstav. Je mnoho nev\u011bst, kter\u00e9 maj\u00ed ur\u010ditou p\u0159edstavu o sv\u00fdch svatebn\u00edch \u0161atech a pokud by nesehnaly \u0161aty, kter\u00e9 si vysnily, zkazilo by jim to cel\u00fd svatebn\u00ed den. Pokud m\u00e1te ur\u010ditou p\u0159edstavu o svatebn\u00edch \u0161atech, m\u011bli byste ud\u011blat to, \u017ee se pod\u00edv\u00e1te na webov\u00e9 str\u00e1nky sal\u00f3n\u016f, kter\u00e9 m\u00e1te ve sv\u00e9m okol\u00ed a pod\u00edvali se hlavn\u011b na to, jak\u00e9 \u0161aty nab\u00edzej\u00ed. N\u011bco takov\u00e9ho v\u00e1m pom\u016f\u017ee ud\u011blat si p\u0159edstavu o tom, co m\u016f\u017eete v dan\u00e9m sal\u00f3nu \u010dekat. Je mo\u017en\u00e9, \u017ee zjist\u00edte, \u017ee n\u011bkter\u00e9 za sal\u00f3nu nenab\u00edz\u00ed to, co by se v\u00e1m l\u00edbilo, co\u017e by pro v\u00e1s m\u011blo b\u00fdt znamen\u00edm, \u017ee nem\u00e1 smysl do dan\u00e9ho sal\u00f3nu chodit a to proto, \u017ee zde nenajde to, co hled\u00e1te. Pokud budete postupovat t\u00edmto zp\u016fsobem, pom\u016f\u017ee v\u00e1m to u\u0161et\u0159it mnoho \u010dasu. Pom\u016f\u017ee v\u00e1m to hlavn\u011b vytipovat si sal\u00f3ny, kde m\u00e1 smysl zaj\u00edt a pod\u00edvat se, zda zde nese\u017eenete \u0161aty sv\u00fdch sn\u016f. Je mo\u017en\u00e9, \u017ee hned prvn\u00ed sal\u00f3n, do kter\u00e9ho zajdete, bude m\u00edt p\u0159esn\u011b ty \u0161aty, kter\u00e9 byste si p\u0159\u00e1li. M\u016f\u017ee se v\u00e1m tak\u00e9 st\u00e1t, \u017ee si vezmete hned prvn\u00ed \u0161aty, do kter\u00fdch se oble\u010dete a to proto, \u017ee v\u00e1m budou slu\u0161et. I to se m\u016f\u017ee st\u00e1t. Klidn\u011b to m\u016f\u017ee dopadnout tak, \u017ee v\u00fdb\u011br va\u0161ich \u0161at\u016f bude trvat necelou hodinu a to proto, \u017ee va\u0161e svatebn\u00ed \u0161aty najdete na prvn\u00ed dobrou. I to je opravdu mo\u017en\u00e9. Pod\u00edvejte se na p\u016fj\u010dovnu svatebn\u00edch \u0161at\u016f Praha. Je mo\u017en\u00e9, \u017ee zde najdete p\u0159esn\u011b to, co jste v\u017edy cht\u011bli. \u010clov\u011bk by si m\u011bl ud\u011blat p\u0159ehled a to proto, aby skute\u010dn\u011b v\u011bd\u011bl, kde stoj\u00ed za to zaj\u00edt a kde ne, abyste zbyte\u010dn\u011b neztr\u00e1celi \u010das a tak\u00e9 pen\u00edze. Je na v\u00e1s, jak se k tomu postav\u00edte. Je ale dobr\u00e9 se nad n\u011b\u010d\u00edm takov\u00fdm zamyslet dop\u0159edu. M\u00e1 to sv\u00e9 v\u00fdhody. \u0158e\u0161te svatebn\u00ed \u0161aty s p\u0159edstihem. Nelitujte, \u017ee jste n\u011bco takov\u00e9ho nechali na posledn\u00ed chv\u00edli a to zejm\u00e9na, pokud m\u00e1te o \u0161atech ur\u010ditou p\u0159edstavu.                                                                                                                                                                                                                                                                                                                                                                                                  "},{"@context":"https:\/\/schema.org\/","@type":"BreadcrumbList","itemListElement":[{"@type":"ListItem","position":1,"name":"Zav\u00edtejte i vy do p\u016fj\u010doven svatebn\u00edch \u0161at\u016f","item":"https:\/\/www.prosvetkolemnas.cz\/zavitejte-i-vy-do-pujcoven-svatebnich-satu\/#breadcrumbitem"}]}]