{"@context":"https:\/\/schema.org\/","@type":"CollectionPage","@id":"https:\/\/www.prosvetkolemnas.cz\/vyrobky\/#CollectionPage","headline":"V\u00fdrobky Category","description":"","url":"https:\/\/www.prosvetkolemnas.cz\/vyrobky\/","hasPart":[{"@type":"Article","@id":"https:\/\/www.prosvetkolemnas.cz\/lepsi-je-tvrda-matrace\/","headline":"Lep\u0161\u00ed je tvrd\u00e1 matrace","url":"https:\/\/www.prosvetkolemnas.cz\/lepsi-je-tvrda-matrace\/","datePublished":"2025-09-01","dateModified":"2025-09-01","mainEntityOfPage":"https:\/\/www.prosvetkolemnas.cz\/lepsi-je-tvrda-matrace\/","author":{"@type":"Person","@id":"https:\/\/www.prosvetkolemnas.cz\/author\/#Person","name":"","url":"https:\/\/www.prosvetkolemnas.cz\/author\/","identifier":1,"image":{"@type":"ImageObject","@id":"https:\/\/secure.gravatar.com\/avatar\/4a857923b487546550539169ba61d16e7910c692fb61fb4681a6882b9bc918c0?s=96&d=mm&r=g","url":"https:\/\/secure.gravatar.com\/avatar\/4a857923b487546550539169ba61d16e7910c692fb61fb4681a6882b9bc918c0?s=96&d=mm&r=g","height":96,"width":96}},"publisher":{"@type":"Organization","name":"prosvetkolemnas.cz","logo":{"@type":"ImageObject","@id":"\/logo.png","url":"\/logo.png","width":600,"height":60}},"image":{"@type":"ImageObject","@id":"https:\/\/www.prosvetkolemnas.cz\/wp-content\/uploads\/room-567735_640_3.jpg","url":"https:\/\/www.prosvetkolemnas.cz\/wp-content\/uploads\/room-567735_640_3.jpg","height":0,"width":0},"keywords":null}]}