{"@context":"https:\/\/schema.org\/","@type":"CollectionPage","@id":"https:\/\/www.prosvetkolemnas.cz\/vyrobky\/#CollectionPage","headline":"V\u00fdrobky Category","description":"","url":"https:\/\/www.prosvetkolemnas.cz\/vyrobky\/","hasPart":[{"@type":"Article","@id":"https:\/\/www.prosvetkolemnas.cz\/mlada-generace-a-my\/","headline":"Mlad\u00e1 generace a my","url":"https:\/\/www.prosvetkolemnas.cz\/mlada-generace-a-my\/","datePublished":"2025-09-19","dateModified":"2025-09-19","mainEntityOfPage":"https:\/\/www.prosvetkolemnas.cz\/mlada-generace-a-my\/","author":{"@type":"Person","@id":"https:\/\/www.prosvetkolemnas.cz\/author\/#Person","name":"","url":"https:\/\/www.prosvetkolemnas.cz\/author\/","identifier":1,"image":{"@type":"ImageObject","@id":"https:\/\/secure.gravatar.com\/avatar\/4a857923b487546550539169ba61d16e7910c692fb61fb4681a6882b9bc918c0?s=96&d=mm&r=g","url":"https:\/\/secure.gravatar.com\/avatar\/4a857923b487546550539169ba61d16e7910c692fb61fb4681a6882b9bc918c0?s=96&d=mm&r=g","height":96,"width":96}},"publisher":{"@type":"Organization","name":"prosvetkolemnas.cz","logo":{"@type":"ImageObject","@id":"\/logo.png","url":"\/logo.png","width":600,"height":60}},"image":{"@type":"ImageObject","@id":"https:\/\/www.prosvetkolemnas.cz\/wp-content\/uploads\/tobacco-2692246_640.jpg","url":"https:\/\/www.prosvetkolemnas.cz\/wp-content\/uploads\/tobacco-2692246_640.jpg","height":0,"width":0},"keywords":null},{"@type":"Article","@id":"https:\/\/www.prosvetkolemnas.cz\/mate-ta-nejlepsi-okna\/","headline":"M\u00e1te ta nejlep\u0161\u00ed okna?","url":"https:\/\/www.prosvetkolemnas.cz\/mate-ta-nejlepsi-okna\/","datePublished":"2025-09-18","dateModified":"2025-09-18","mainEntityOfPage":"https:\/\/www.prosvetkolemnas.cz\/mate-ta-nejlepsi-okna\/","author":{"@type":"Person","@id":"https:\/\/www.prosvetkolemnas.cz\/author\/#Person","name":"","url":"https:\/\/www.prosvetkolemnas.cz\/author\/","identifier":1,"image":{"@type":"ImageObject","@id":"https:\/\/secure.gravatar.com\/avatar\/4a857923b487546550539169ba61d16e7910c692fb61fb4681a6882b9bc918c0?s=96&d=mm&r=g","url":"https:\/\/secure.gravatar.com\/avatar\/4a857923b487546550539169ba61d16e7910c692fb61fb4681a6882b9bc918c0?s=96&d=mm&r=g","height":96,"width":96}},"publisher":{"@type":"Organization","name":"prosvetkolemnas.cz","logo":{"@type":"ImageObject","@id":"\/logo.png","url":"\/logo.png","width":600,"height":60}},"image":{"@type":"ImageObject","@id":"https:\/\/www.prosvetkolemnas.cz\/wp-content\/uploads\/oo_10_8.jpg","url":"https:\/\/www.prosvetkolemnas.cz\/wp-content\/uploads\/oo_10_8.jpg","height":0,"width":0},"keywords":null},{"@type":"Article","@id":"https:\/\/www.prosvetkolemnas.cz\/kratom-mit-muzete\/","headline":"Kratom m\u00edt m\u016f\u017eete","url":"https:\/\/www.prosvetkolemnas.cz\/kratom-mit-muzete\/","datePublished":"2025-09-18","dateModified":"2025-09-18","mainEntityOfPage":"https:\/\/www.prosvetkolemnas.cz\/kratom-mit-muzete\/","author":{"@type":"Person","@id":"https:\/\/www.prosvetkolemnas.cz\/author\/#Person","name":"","url":"https:\/\/www.prosvetkolemnas.cz\/author\/","identifier":1,"image":{"@type":"ImageObject","@id":"https:\/\/secure.gravatar.com\/avatar\/4a857923b487546550539169ba61d16e7910c692fb61fb4681a6882b9bc918c0?s=96&d=mm&r=g","url":"https:\/\/secure.gravatar.com\/avatar\/4a857923b487546550539169ba61d16e7910c692fb61fb4681a6882b9bc918c0?s=96&d=mm&r=g","height":96,"width":96}},"publisher":{"@type":"Organization","name":"prosvetkolemnas.cz","logo":{"@type":"ImageObject","@id":"\/logo.png","url":"\/logo.png","width":600,"height":60}},"image":{"@type":"ImageObject","@id":"https:\/\/www.prosvetkolemnas.cz\/wp-content\/uploads\/ku%C5%BEitk_1.jpg","url":"https:\/\/www.prosvetkolemnas.cz\/wp-content\/uploads\/ku%C5%BEitk_1.jpg","height":0,"width":0},"keywords":null},{"@type":"Article","@id":"https:\/\/www.prosvetkolemnas.cz\/kraj-kde-vino-voni-domovem\/","headline":"Kraj, kde v\u00edno von\u00ed domovem","url":"https:\/\/www.prosvetkolemnas.cz\/kraj-kde-vino-voni-domovem\/","datePublished":"2025-09-16","dateModified":"2025-09-16","mainEntityOfPage":"https:\/\/www.prosvetkolemnas.cz\/kraj-kde-vino-voni-domovem\/","author":{"@type":"Person","@id":"https:\/\/www.prosvetkolemnas.cz\/author\/#Person","name":"","url":"https:\/\/www.prosvetkolemnas.cz\/author\/","identifier":1,"image":{"@type":"ImageObject","@id":"https:\/\/secure.gravatar.com\/avatar\/4a857923b487546550539169ba61d16e7910c692fb61fb4681a6882b9bc918c0?s=96&d=mm&r=g","url":"https:\/\/secure.gravatar.com\/avatar\/4a857923b487546550539169ba61d16e7910c692fb61fb4681a6882b9bc918c0?s=96&d=mm&r=g","height":96,"width":96}},"publisher":{"@type":"Organization","name":"prosvetkolemnas.cz","logo":{"@type":"ImageObject","@id":"\/logo.png","url":"\/logo.png","width":600,"height":60}},"image":{"@type":"ImageObject","@id":"https:\/\/www.prosvetkolemnas.cz\/wp-content\/uploads\/christmas-background-541922_1280.jpg","url":"https:\/\/www.prosvetkolemnas.cz\/wp-content\/uploads\/christmas-background-541922_1280.jpg","height":0,"width":0},"keywords":null},{"@type":"Article","@id":"https:\/\/www.prosvetkolemnas.cz\/zacatek-nove-etapy\/","headline":"Za\u010d\u00e1tek nov\u00e9 etapy","url":"https:\/\/www.prosvetkolemnas.cz\/zacatek-nove-etapy\/","datePublished":"2025-09-15","dateModified":"2025-09-15","mainEntityOfPage":"https:\/\/www.prosvetkolemnas.cz\/zacatek-nove-etapy\/","author":{"@type":"Person","@id":"https:\/\/www.prosvetkolemnas.cz\/author\/#Person","name":"","url":"https:\/\/www.prosvetkolemnas.cz\/author\/","identifier":1,"image":{"@type":"ImageObject","@id":"https:\/\/secure.gravatar.com\/avatar\/4a857923b487546550539169ba61d16e7910c692fb61fb4681a6882b9bc918c0?s=96&d=mm&r=g","url":"https:\/\/secure.gravatar.com\/avatar\/4a857923b487546550539169ba61d16e7910c692fb61fb4681a6882b9bc918c0?s=96&d=mm&r=g","height":96,"width":96}},"publisher":{"@type":"Organization","name":"prosvetkolemnas.cz","logo":{"@type":"ImageObject","@id":"\/logo.png","url":"\/logo.png","width":600,"height":60}},"image":{"@type":"ImageObject","@id":"https:\/\/www.prosvetkolemnas.cz\/wp-content\/uploads\/girl-6059889_640_3.jpg","url":"https:\/\/www.prosvetkolemnas.cz\/wp-content\/uploads\/girl-6059889_640_3.jpg","height":0,"width":0},"keywords":null},{"@type":"Article","@id":"https:\/\/www.prosvetkolemnas.cz\/tabak-a-vodni-dymka\/","headline":"Tab\u00e1k a vodn\u00ed d\u00fdmka","url":"https:\/\/www.prosvetkolemnas.cz\/tabak-a-vodni-dymka\/","datePublished":"2025-09-14","dateModified":"2025-09-14","mainEntityOfPage":"https:\/\/www.prosvetkolemnas.cz\/tabak-a-vodni-dymka\/","author":{"@type":"Person","@id":"https:\/\/www.prosvetkolemnas.cz\/author\/#Person","name":"","url":"https:\/\/www.prosvetkolemnas.cz\/author\/","identifier":1,"image":{"@type":"ImageObject","@id":"https:\/\/secure.gravatar.com\/avatar\/4a857923b487546550539169ba61d16e7910c692fb61fb4681a6882b9bc918c0?s=96&d=mm&r=g","url":"https:\/\/secure.gravatar.com\/avatar\/4a857923b487546550539169ba61d16e7910c692fb61fb4681a6882b9bc918c0?s=96&d=mm&r=g","height":96,"width":96}},"publisher":{"@type":"Organization","name":"prosvetkolemnas.cz","logo":{"@type":"ImageObject","@id":"\/logo.png","url":"\/logo.png","width":600,"height":60}},"image":{"@type":"ImageObject","@id":"https:\/\/www.prosvetkolemnas.cz\/wp-content\/uploads\/people-5144660_640_10_4.jpg","url":"https:\/\/www.prosvetkolemnas.cz\/wp-content\/uploads\/people-5144660_640_10_4.jpg","height":0,"width":0},"keywords":null},{"@type":"Article","@id":"https:\/\/www.prosvetkolemnas.cz\/cajove-smesi-jako-darek-pro-maminku\/","headline":"\u010cajov\u00e9 sm\u011bsi jako d\u00e1rek pro maminku","url":"https:\/\/www.prosvetkolemnas.cz\/cajove-smesi-jako-darek-pro-maminku\/","datePublished":"2025-09-14","dateModified":"2025-09-14","mainEntityOfPage":"https:\/\/www.prosvetkolemnas.cz\/cajove-smesi-jako-darek-pro-maminku\/","author":{"@type":"Person","@id":"https:\/\/www.prosvetkolemnas.cz\/author\/#Person","name":"","url":"https:\/\/www.prosvetkolemnas.cz\/author\/","identifier":1,"image":{"@type":"ImageObject","@id":"https:\/\/secure.gravatar.com\/avatar\/4a857923b487546550539169ba61d16e7910c692fb61fb4681a6882b9bc918c0?s=96&d=mm&r=g","url":"https:\/\/secure.gravatar.com\/avatar\/4a857923b487546550539169ba61d16e7910c692fb61fb4681a6882b9bc918c0?s=96&d=mm&r=g","height":96,"width":96}},"publisher":{"@type":"Organization","name":"prosvetkolemnas.cz","logo":{"@type":"ImageObject","@id":"\/logo.png","url":"\/logo.png","width":600,"height":60}},"image":{"@type":"ImageObject","@id":"https:\/\/www.prosvetkolemnas.cz\/wp-content\/uploads\/tea-2356770_640_10_10.jpg","url":"https:\/\/www.prosvetkolemnas.cz\/wp-content\/uploads\/tea-2356770_640_10_10.jpg","height":0,"width":0},"keywords":null},{"@type":"Article","@id":"https:\/\/www.prosvetkolemnas.cz\/zajimave-veci\/","headline":"Zaj\u00edmav\u00e9 v\u011bci","url":"https:\/\/www.prosvetkolemnas.cz\/zajimave-veci\/","datePublished":"2025-09-13","dateModified":"2025-09-13","mainEntityOfPage":"https:\/\/www.prosvetkolemnas.cz\/zajimave-veci\/","author":{"@type":"Person","@id":"https:\/\/www.prosvetkolemnas.cz\/author\/#Person","name":"","url":"https:\/\/www.prosvetkolemnas.cz\/author\/","identifier":1,"image":{"@type":"ImageObject","@id":"https:\/\/secure.gravatar.com\/avatar\/4a857923b487546550539169ba61d16e7910c692fb61fb4681a6882b9bc918c0?s=96&d=mm&r=g","url":"https:\/\/secure.gravatar.com\/avatar\/4a857923b487546550539169ba61d16e7910c692fb61fb4681a6882b9bc918c0?s=96&d=mm&r=g","height":96,"width":96}},"publisher":{"@type":"Organization","name":"prosvetkolemnas.cz","logo":{"@type":"ImageObject","@id":"\/logo.png","url":"\/logo.png","width":600,"height":60}},"image":{"@type":"ImageObject","@id":"https:\/\/www.prosvetkolemnas.cz\/wp-content\/uploads\/smoke-5129777_640_10_10_10_8.jpg","url":"https:\/\/www.prosvetkolemnas.cz\/wp-content\/uploads\/smoke-5129777_640_10_10_10_8.jpg","height":0,"width":0},"keywords":null},{"@type":"Article","@id":"https:\/\/www.prosvetkolemnas.cz\/pruzinova-ocel-pro-vyrobu-prumyslovych-stroju\/","headline":"Pru\u017einov\u00e1 ocel pro v\u00fdrobu pr\u016fmyslov\u00fdch stroj\u016f","url":"https:\/\/www.prosvetkolemnas.cz\/pruzinova-ocel-pro-vyrobu-prumyslovych-stroju\/","datePublished":"2025-09-13","dateModified":"2025-09-13","mainEntityOfPage":"https:\/\/www.prosvetkolemnas.cz\/pruzinova-ocel-pro-vyrobu-prumyslovych-stroju\/","author":{"@type":"Person","@id":"https:\/\/www.prosvetkolemnas.cz\/author\/#Person","name":"","url":"https:\/\/www.prosvetkolemnas.cz\/author\/","identifier":1,"image":{"@type":"ImageObject","@id":"https:\/\/secure.gravatar.com\/avatar\/4a857923b487546550539169ba61d16e7910c692fb61fb4681a6882b9bc918c0?s=96&d=mm&r=g","url":"https:\/\/secure.gravatar.com\/avatar\/4a857923b487546550539169ba61d16e7910c692fb61fb4681a6882b9bc918c0?s=96&d=mm&r=g","height":96,"width":96}},"publisher":{"@type":"Organization","name":"prosvetkolemnas.cz","logo":{"@type":"ImageObject","@id":"\/logo.png","url":"\/logo.png","width":600,"height":60}},"image":{"@type":"ImageObject","@id":"https:\/\/www.prosvetkolemnas.cz\/wp-content\/uploads\/lathe-4021097_640_4.jpg","url":"https:\/\/www.prosvetkolemnas.cz\/wp-content\/uploads\/lathe-4021097_640_4.jpg","height":0,"width":0},"keywords":null},{"@type":"Article","@id":"https:\/\/www.prosvetkolemnas.cz\/co-je-super\/","headline":"Co je super?","url":"https:\/\/www.prosvetkolemnas.cz\/co-je-super\/","datePublished":"2025-09-12","dateModified":"2025-09-12","mainEntityOfPage":"https:\/\/www.prosvetkolemnas.cz\/co-je-super\/","author":{"@type":"Person","@id":"https:\/\/www.prosvetkolemnas.cz\/author\/#Person","name":"","url":"https:\/\/www.prosvetkolemnas.cz\/author\/","identifier":1,"image":{"@type":"ImageObject","@id":"https:\/\/secure.gravatar.com\/avatar\/4a857923b487546550539169ba61d16e7910c692fb61fb4681a6882b9bc918c0?s=96&d=mm&r=g","url":"https:\/\/secure.gravatar.com\/avatar\/4a857923b487546550539169ba61d16e7910c692fb61fb4681a6882b9bc918c0?s=96&d=mm&r=g","height":96,"width":96}},"publisher":{"@type":"Organization","name":"prosvetkolemnas.cz","logo":{"@type":"ImageObject","@id":"\/logo.png","url":"\/logo.png","width":600,"height":60}},"image":{"@type":"ImageObject","@id":"https:\/\/www.prosvetkolemnas.cz\/wp-content\/uploads\/pexels-george-dolgikh-551816-1666067%20(1).jpg","url":"https:\/\/www.prosvetkolemnas.cz\/wp-content\/uploads\/pexels-george-dolgikh-551816-1666067%20(1).jpg","height":0,"width":0},"keywords":null}]}