[{"@context":"https:\/\/schema.org\/","@type":"Article","@id":"https:\/\/www.prosvetkolemnas.cz\/vrata-u-nas-doma\/#Article","mainEntityOfPage":"https:\/\/www.prosvetkolemnas.cz\/vrata-u-nas-doma\/","headline":"Vrata u n\u00e1s doma","name":"Vrata u n\u00e1s doma","description":"Bez nich by to prost\u011b ne\u0161lo. Tedy, \u0161lo by to, samoz\u0159ejm\u011b, ale byly by kolem toho pot\u00ed\u017ee. Auto by muselo st\u00e1t venku p\u0159ed domem, vystaveno v\u0161em pov\u011btrnostn\u00edm vliv\u016fm a je jedno jak\u00e9 auto m\u00e1te. M\u016f\u017ee to b\u00fdt t\u0159eba Fiat, stejn\u011b <a href=\"https:\/\/www.prosvetkolemnas.cz\/vrata-u-nas-doma\/\" class=\"read-more\">Read More<\/a>","datePublished":"2025-09-30","dateModified":"2025-09-30","author":{"@type":"Person","@id":"https:\/\/www.prosvetkolemnas.cz\/author\/#Person","name":"","url":"https:\/\/www.prosvetkolemnas.cz\/author\/","identifier":1,"image":{"@type":"ImageObject","@id":"https:\/\/secure.gravatar.com\/avatar\/4a857923b487546550539169ba61d16e7910c692fb61fb4681a6882b9bc918c0?s=96&d=mm&r=g","url":"https:\/\/secure.gravatar.com\/avatar\/4a857923b487546550539169ba61d16e7910c692fb61fb4681a6882b9bc918c0?s=96&d=mm&r=g","height":96,"width":96}},"publisher":{"@type":"Organization","name":"prosvetkolemnas.cz","logo":{"@type":"ImageObject","@id":"\/logo.png","url":"\/logo.png","width":600,"height":60}},"image":{"@type":"ImageObject","@id":"https:\/\/www.prosvetkolemnas.cz\/wp-content\/uploads\/pexels-quentin-martinez-2147503099-30685282.jpg","url":"https:\/\/www.prosvetkolemnas.cz\/wp-content\/uploads\/pexels-quentin-martinez-2147503099-30685282.jpg","height":0,"width":0},"url":"https:\/\/www.prosvetkolemnas.cz\/vrata-u-nas-doma\/","about":["V\u00fdrobky"],"wordCount":427,"articleBody":"       Bez nich by to prost\u011b ne\u0161lo. Tedy, \u0161lo by to, samoz\u0159ejm\u011b, ale byly by kolem toho pot\u00ed\u017ee. Auto by muselo st\u00e1t venku p\u0159ed domem, vystaveno v\u0161em pov\u011btrnostn\u00edm vliv\u016fm a je jedno jak\u00e9 auto m\u00e1te. M\u016f\u017ee to b\u00fdt t\u0159eba Fiat, stejn\u011b jako Mercedes. Nebo takov\u00fd v\u016fz, jak\u00e9 jsou na p\u0159ilo\u017een\u00fdch barevn\u00fdch fotografi\u00edch. Ani pro jedno z nich nen\u00ed st\u00e1n\u00ed venku zrovna moc vhodn\u00e9. Proto je ka\u017ed\u00fd majitel vozu r\u00e1d, kdy\u017e si jej m\u016f\u017ee d\u00e1t do gar\u00e1\u017ee. U rodinn\u00fdch dom\u016f v\u011bt\u0161inou b\u00fdvaly a u t\u011bch nov\u00fdch prost\u011b jsou. Bez n\u00ed u\u017e se nov\u00e9 domy nestav\u011bj\u00ed. A proto\u017ee u t\u011bch star\u0161\u00edch nebyly, jak o tro\u0161ku v\u00fd\u0161e citov\u00e1no, tak si je lid\u00e9 postavili sami. N\u011bkdo vedle domu, n\u011bkdo za n\u00edm, jak to prost\u011b \u0161lo. Postavily se tam, kde bylo m\u00edsto a kam se dalo autem bez pot\u00ed\u017e\u00ed zajet. A kdy\u017e u\u017e to bylo hotovo, p\u0159i\u0161ly na \u0159adu vrata. Jejich v\u00fdb\u011br je dosti d\u016fle\u017eit\u00fd. Jde toti\u017e o to, kam se budou otev\u00edrat, pokud tedy v\u016fbec. Jist\u011b si klepete v\u00fdznamn\u011b na \u010delo a v duchu se t\u00e1\u017eete autorky \u010dl\u00e1nku, zda ji\u017e n\u011bkde vid\u011bla gar\u00e1\u017e s vraty, kter\u00e9 se nedaj\u00ed otev\u0159\u00edt. Odpov\u011b\u010f zn\u00ed, nevid\u011bla, ale zde je to my\u0161leno tak, \u017ee slovo otev\u00edrat popisuje p\u0159esn\u011b smysl konan\u00e9 pr\u00e1ce. Tedy \u017ee jsou dve\u0159e, tedy spr\u00e1vn\u011b k\u0159\u00eddla vrat na kovov\u00fdch pantech, a skute\u010dn\u011b se otev\u00edraj\u00ed. Pro\u010d zm\u00edn\u011bn ten kov, to pozn\u00e1te n\u00ed\u017ee. No, ale zp\u011bt, toto u\u017e se dnes tak moc ned\u011bl\u00e1, ale vrata se mohou vzn\u00e9st ke stropu gar\u00e1\u017ee. Tak\u00e9 se mohou na jist\u00e9m za\u0159\u00edzen\u00ed pouze odsunovat. Tak se toti\u017e u\u0161et\u0159\u00ed spousta pr\u00e1ce. Takov\u00fdch druh\u016f je velk\u00e1 spousta, nap\u0159\u00edklad kyvn\u00e1 vrata a plastov\u00e9 z\u00e1v\u011bsy Altoma. To je jist\u011b p\u0159\u00edklad za v\u0161echny a pokud nad podobn\u00fdm \u0159e\u0161en\u00edm uva\u017eujete, tak v\u011bzte, \u017ee ji\u017e nemus\u00edte nikde jinde hledat, proto\u017ee jste to pr\u00e1v\u011b na\u0161li. Sta\u010d\u00ed jen va\u0161e jedin\u00e9 kliknut\u00ed na odkaz, kter\u00e1 je um\u00edst\u011bn p\u0159e p\u0159edchoz\u00ed v\u011btou. Toto kliknut\u00ed v\u00e1s ihned automaticky p\u0159esune na webov\u00e9 str\u00e1nky, kde se m\u016f\u017eete pod\u00edvat na co pot\u0159ebujete.                                                                                                                                                                                                                                                                                                                                                                                                   "},{"@context":"https:\/\/schema.org\/","@type":"BreadcrumbList","itemListElement":[{"@type":"ListItem","position":1,"name":"Vrata u n\u00e1s doma","item":"https:\/\/www.prosvetkolemnas.cz\/vrata-u-nas-doma\/#breadcrumbitem"}]}]