[{"@context":"https:\/\/schema.org\/","@type":"Article","@id":"https:\/\/www.prosvetkolemnas.cz\/vlastni-bydleni-v-praze\/#Article","mainEntityOfPage":"https:\/\/www.prosvetkolemnas.cz\/vlastni-bydleni-v-praze\/","headline":"Vlastn\u00ed bydlen\u00ed v Praze","name":"Vlastn\u00ed bydlen\u00ed v Praze","description":"Cel\u00e9 obyvatelstvo na\u0161\u00ed planety se d\u00e1 rozd\u011blit na dv\u011b skupiny lid\u00ed. Do prvn\u00ed skupiny pat\u0159\u00ed lid\u00e9, kte\u0159\u00ed maj\u00ed r\u00e1di zm\u011bny, berou je jako v\u00fdzvu, p\u0159\u00edjemn\u00e9 vzru\u0161en\u00ed a nabour\u00e1n\u00ed stereotypu. Druhou skupinu pak tvo\u0159\u00ed lid\u00e9, pro n\u011b\u017e je zm\u011bna potenci\u00e1ln\u00edm rizikem <a href=\"https:\/\/www.prosvetkolemnas.cz\/vlastni-bydleni-v-praze\/\" class=\"read-more\">Read More<\/a>","datePublished":"2025-12-11","dateModified":"2025-12-11","author":{"@type":"Person","@id":"https:\/\/www.prosvetkolemnas.cz\/author\/#Person","name":"","url":"https:\/\/www.prosvetkolemnas.cz\/author\/","identifier":1,"image":{"@type":"ImageObject","@id":"https:\/\/secure.gravatar.com\/avatar\/4a857923b487546550539169ba61d16e7910c692fb61fb4681a6882b9bc918c0?s=96&d=mm&r=g","url":"https:\/\/secure.gravatar.com\/avatar\/4a857923b487546550539169ba61d16e7910c692fb61fb4681a6882b9bc918c0?s=96&d=mm&r=g","height":96,"width":96}},"publisher":{"@type":"Organization","name":"prosvetkolemnas.cz","logo":{"@type":"ImageObject","@id":"\/logo.png","url":"\/logo.png","width":600,"height":60}},"image":{"@type":"ImageObject","@id":"https:\/\/www.prosvetkolemnas.cz\/wp-content\/uploads\/sale-3701777_640_1.jpg","url":"https:\/\/www.prosvetkolemnas.cz\/wp-content\/uploads\/sale-3701777_640_1.jpg","height":0,"width":0},"url":"https:\/\/www.prosvetkolemnas.cz\/vlastni-bydleni-v-praze\/","about":["Firmy"],"wordCount":409,"articleBody":"         Cel\u00e9 obyvatelstvo na\u0161\u00ed planety se d\u00e1 rozd\u011blit na dv\u011b skupiny lid\u00ed. Do prvn\u00ed skupiny pat\u0159\u00ed lid\u00e9, kte\u0159\u00ed maj\u00ed r\u00e1di zm\u011bny, berou je jako v\u00fdzvu, p\u0159\u00edjemn\u00e9 vzru\u0161en\u00ed a nabour\u00e1n\u00ed stereotypu. Druhou skupinu pak tvo\u0159\u00ed lid\u00e9, pro n\u011b\u017e je zm\u011bna potenci\u00e1ln\u00edm rizikem a ohro\u017een\u00edm, kte\u0159\u00ed se r\u00e1di dr\u017e\u00ed zajet\u00fdch syst\u00e9m\u016f a necht\u011bj\u00ed na nich nic m\u011bnit. N\u011bkdy se n\u00e1\u0161 postoj ke zm\u011bn\u00e1m m\u016f\u017ee v r\u00e1mci \u017eivota m\u011bnit. \u0158ada lid\u00ed v ml\u00e1d\u00ed tou\u017e\u00ed z\u00edskat a udr\u017eet si pocit, \u017ee jsou svobodn\u00ed, \u017ee je nic nesvazuje, \u017ee si mohou d\u011blat, co cht\u011bj\u00ed a \u017ee nejsou usedl\u00ed sta\u0159\u00edci. Jak ale proch\u00e1zej\u00ed \u017eivotem a sb\u00edraj\u00ed zku\u0161enosti i l\u00e9ta, za\u010d\u00ednaj\u00ed tou\u017eit po vlastn\u00edm bydlen\u00ed, klidu domova, bezpe\u010d\u00ed, do kter\u00e9ho se budou moci ka\u017ed\u00fd ve\u010der vracet. Ti, kter\u00fdm z\u016fstane v\u00e1\u0161e\u0148 pro akci v pr\u016fb\u011bhu cel\u00e9ho \u017eivota, \u010dasto necht\u011bj\u00ed hledat \u017e\u00e1dn\u00fd trval\u00fd domov, nekupuj\u00ed si vlastn\u00ed byt \u010di d\u016fm a sp\u00ed\u0161e se uchyluj\u00ed k alternativn\u00edm form\u00e1m bydlen\u00ed, jako jsou maringotky, karavany a r\u016fzn\u00e9 bytov\u00e9 bu\u0148ky, kter\u00e9 se mohou p\u0159em\u00eds\u0165ovat podle pot\u0159eby. Sou\u010d\u00e1st\u00ed \u017eivota t\u00e9to skupiny lid\u00ed je toti\u017e pravideln\u00e9 a \u010dasto i dlouhodob\u00e9 cestov\u00e1n\u00ed, proto si nejrad\u011bji nos\u00ed domov (podobn\u011b jako hlem\u00fd\u017e\u010f) s sebou. P\u0159\u00edpadn\u011b je mo\u017en\u00e9 a ob\u010das se st\u00e1v\u00e1, \u017ee v ur\u010ditou chv\u00edli tito lid\u00e9 zd\u011bd\u00ed bytovou jednotku nebo d\u016fm po sv\u00fdch p\u0159\u00edbuzn\u00fdch a vrac\u00ed se do n\u011bj jen jednou za p\u00e1r m\u011bs\u00edc\u016f, aby jej dali trochu do po\u0159\u00e1dku. Tato skupina dobrodruh\u016f ale nen\u00ed moc po\u010detn\u00e1. Valn\u00e1 v\u011bt\u0161ina z n\u00e1s si p\u0159eje od ur\u010dit\u00e9ho v\u011bku za\u010d\u00edt budovat domov, do kter\u00e9ho budou pat\u0159it. Z po\u010d\u00e1tku mlad\u00ed lid\u00e9 \u017eij\u00ed sp\u00ed\u0161e v n\u00e1jmech, jakmile ale zalo\u017e\u00ed rodinu, za\u010dnou se poohl\u00ed\u017eet po vlastn\u00edm bydlen\u00ed. Prodej dom\u016f Praha 3 Jakubzizka.cz V\u00e1m pom\u016f\u017ee sehnat vlastn\u00ed bydlen\u00ed v r\u00e1mci Prahy a jej\u00ed m\u011bstsk\u00e9 \u010d\u00e1sti \u010d\u00edslo 3, abyste i Vy mohli \u017e\u00edt ve vlastn\u00edm domov\u011b. Koup\u011b bytu \u010di domu nen\u00ed snadn\u00e1 z\u00e1le\u017eitost, s dobrou realitn\u00ed kancel\u00e1\u0159\u00ed to ale m\u016f\u017ee b\u00fdt skv\u011bl\u00fd krok.                                                                                                                                                                                                                                                                                                                                                                                                  "},{"@context":"https:\/\/schema.org\/","@type":"BreadcrumbList","itemListElement":[{"@type":"ListItem","position":1,"name":"Vlastn\u00ed bydlen\u00ed v Praze","item":"https:\/\/www.prosvetkolemnas.cz\/vlastni-bydleni-v-praze\/#breadcrumbitem"}]}]