[{"@context":"https:\/\/schema.org\/","@type":"Article","@id":"https:\/\/www.prosvetkolemnas.cz\/uklid-rodinneho-domu-pred-nastehovanim\/#Article","mainEntityOfPage":"https:\/\/www.prosvetkolemnas.cz\/uklid-rodinneho-domu-pred-nastehovanim\/","headline":"\u00daklid rodinn\u00e9ho domu p\u0159ed nast\u011bhov\u00e1n\u00edm","name":"\u00daklid rodinn\u00e9ho domu p\u0159ed nast\u011bhov\u00e1n\u00edm","description":"Profesion\u00e1ln\u00ed \u00faklidov\u00e1 firma si m\u016f\u017ee vz\u00edt na starost i gener\u00e1ln\u00ed \u00faklid rodinn\u00e9ho domu p\u0159ed nast\u011bhov\u00e1n\u00edm. Nap\u0159\u00edklad v situaci, kdy byl objekt vyklizen vykl\u00edzec\u00ed firmou po b\u00fdval\u00e9m majiteli, kter\u00fd n\u00e1hle zem\u0159el, a do domu se st\u011bhuje jeho d\u011bdic. \u0160p\u00edna, kam se <a href=\"https:\/\/www.prosvetkolemnas.cz\/uklid-rodinneho-domu-pred-nastehovanim\/\" class=\"read-more\">Read More<\/a>","datePublished":"2025-10-17","dateModified":"2025-10-17","author":{"@type":"Person","@id":"https:\/\/www.prosvetkolemnas.cz\/author\/#Person","name":"","url":"https:\/\/www.prosvetkolemnas.cz\/author\/","identifier":1,"image":{"@type":"ImageObject","@id":"https:\/\/secure.gravatar.com\/avatar\/4a857923b487546550539169ba61d16e7910c692fb61fb4681a6882b9bc918c0?s=96&d=mm&r=g","url":"https:\/\/secure.gravatar.com\/avatar\/4a857923b487546550539169ba61d16e7910c692fb61fb4681a6882b9bc918c0?s=96&d=mm&r=g","height":96,"width":96}},"publisher":{"@type":"Organization","name":"prosvetkolemnas.cz","logo":{"@type":"ImageObject","@id":"\/logo.png","url":"\/logo.png","width":600,"height":60}},"image":{"@type":"ImageObject","@id":"https:\/\/www.prosvetkolemnas.cz\/wp-content\/uploads\/woman-6517037_640_5.jpg","url":"https:\/\/www.prosvetkolemnas.cz\/wp-content\/uploads\/woman-6517037_640_5.jpg","height":0,"width":0},"url":"https:\/\/www.prosvetkolemnas.cz\/uklid-rodinneho-domu-pred-nastehovanim\/","about":["Firmy"],"wordCount":439,"articleBody":"   Profesion\u00e1ln\u00ed \u00faklidov\u00e1 firma si m\u016f\u017ee vz\u00edt na starost i gener\u00e1ln\u00ed \u00faklid rodinn\u00e9ho domu p\u0159ed nast\u011bhov\u00e1n\u00edm. Nap\u0159\u00edklad v situaci, kdy byl objekt vyklizen vykl\u00edzec\u00ed firmou po b\u00fdval\u00e9m majiteli, kter\u00fd n\u00e1hle zem\u0159el, a do domu se st\u011bhuje jeho d\u011bdic.\u0160p\u00edna, kam se pod\u00edv\u00e1\u0161. Vykl\u00edzen\u00ed byt\u016f a rodinn\u00fdch dom\u016f \u010di rekrea\u010dn\u00edch nemovitost\u00ed lze realizovat prost\u0159ednictv\u00edm profesion\u00e1ln\u00ed firmy. Ta z dan\u00e9ho m\u00edsta skute\u010dn\u011b m\u016f\u017ee odstranit v\u0161echny p\u0159edm\u011bty, ale nelze od n\u00ed o\u010dek\u00e1vat, \u017ee v\u0161echny prostory dokonale vy\u010dist\u00ed a nale\u0161t\u00ed. M\u016f\u017ee tu b\u00fdt spousta \u0161p\u00edny a prachu a \u00faklidov\u00e1 firma tu pak bude m\u00edt co na pr\u00e1ci.Spousta pavouk\u016f. Pavu\u010diny a pavouci mohou n\u011bkter\u00fdm lidem vadit a\u017e tak, \u017ee se \u0161t\u00edt\u00ed do takov\u00fdch prostor vstoupit, nato\u017e aby tu n\u011bco prov\u00e1d\u011bli. Vym\u00e9st z bytov\u00fdch prostor tyto nezvan\u00e9 hosty tak\u00e9 m\u016f\u017ee b\u00fdt sou\u010d\u00e1st\u00ed \u00faklidov\u00fdch prac\u00ed.V\u00fdkaly a zvratky. Sta\u0159\u00ed lid\u00e9, kte\u0159\u00ed trp\u011bli zdravotn\u00edmi probl\u00e9my, mohou m\u00edt probl\u00e9m s \u00faklidem v Ostrav\u011b a mohou tu p\u0159ed smrt\u00ed po sob\u011b zanechat i v\u00fdkaly a zvratky. To je t\u0159eba pak d\u016fkladn\u011b vy\u010distit a vydezinfikovat. Nen\u00ed to zrovna z\u00e1vid\u011bn\u00edhodn\u00e1 pr\u00e1ce. Za\u0161pin\u011bn\u00e1 okna. Ani okna nemus\u00ed vypadat k sv\u011btu. Myt\u00ed oken tak\u00e9 pat\u0159\u00ed k \u00faklidov\u00fdm prac\u00edm a p\u0159ed nast\u011bhov\u00e1n\u00edm mohou \u010dist\u00e1 okna p\u0159ij\u00edt vhod. Krom\u011b oken by mohla \u00faklidov\u00e1 slu\u017eba z Ostravy d\u016fkladn\u011b vy\u010distit i dve\u0159e a dve\u0159n\u00ed z\u00e1rubn\u011b a spolu s t\u00edm i vyp\u00edna\u010de, kryty z\u00e1suvek a sv\u00edtidla.Koupelna, toaleta a kuchyn\u011b. Tyto prostory mohou b\u00fdt hodn\u011b zanedban\u00e9 a vy\u017eaduj\u00ed d\u016fkladn\u00e9 gruntov\u00e1n\u00ed. I zde se uplatn\u00ed dezinfek\u010dn\u00ed prost\u0159edky a \u00faklidov\u00e1 \u010deta se v t\u011bchto prostor\u00e1ch m\u016f\u017ee d\u00e9le zdr\u017eet, jestli\u017ee je t\u0159eba doc\u00edlit d\u016fkladn\u00e9ho vy\u010di\u0161t\u011bn\u00ed ka\u017ed\u00e9ho \u010dtvere\u010dn\u00edho centimetru obklad\u016f, n\u00e1bytku a sanit\u00e1rn\u00ed techniky.Prach. Po vykl\u00edzen\u00ed domu nebo bytu se v m\u00edst\u011b m\u016f\u017ee vyskytovat mnoho prachu. Ten je tak\u00e9 zapot\u0159eb\u00ed odstranit. M\u016f\u017ee se vyskytovat i na st\u011bn\u00e1ch, na sv\u00edtidlech, na okenn\u00edch parapetech, na kuchy\u0148sk\u00e9 lince, na dve\u0159\u00edch a dve\u0159n\u00edch z\u00e1rubn\u00edch a na mnoha dal\u0161\u00edch m\u00edstech.                                                                                                                                                                                                                                                                                                                                                                                                  "},{"@context":"https:\/\/schema.org\/","@type":"BreadcrumbList","itemListElement":[{"@type":"ListItem","position":1,"name":"\u00daklid rodinn\u00e9ho domu p\u0159ed nast\u011bhov\u00e1n\u00edm","item":"https:\/\/www.prosvetkolemnas.cz\/uklid-rodinneho-domu-pred-nastehovanim\/#breadcrumbitem"}]}]