[{"@context":"https:\/\/schema.org\/","@type":"Article","@id":"https:\/\/www.prosvetkolemnas.cz\/snurka-na-krk-pro-dospele-i-pro-deti\/#Article","mainEntityOfPage":"https:\/\/www.prosvetkolemnas.cz\/snurka-na-krk-pro-dospele-i-pro-deti\/","headline":"\u0160\u0148\u016frka na krk pro dosp\u011bl\u00e9 i pro d\u011bti","name":"\u0160\u0148\u016frka na krk pro dosp\u011bl\u00e9 i pro d\u011bti","description":"\u0160\u0148\u016frka na krk. Takov\u00e1 docela oby\u010dejn\u00e1 v\u011bc. Nicotn\u00e1, co byste mo\u017en\u00e1 vyhodili do popelnice s b\u011b\u017en\u00fdmi odpadky v dom\u00e1cnosti. Pamatuji se na dobu, kdy jsem pracoval ve firm\u011b, kde n\u011bkte\u0159\u00ed lid\u00e9 \u0161\u0148\u016frky na krku nosili, m\u011bli na nich p\u0159ipnut\u00e9 identifika\u010dn\u00ed <a href=\"https:\/\/www.prosvetkolemnas.cz\/snurka-na-krk-pro-dospele-i-pro-deti\/\" class=\"read-more\">Read More<\/a>","datePublished":"2025-10-08","dateModified":"2025-10-08","author":{"@type":"Person","@id":"https:\/\/www.prosvetkolemnas.cz\/author\/#Person","name":"","url":"https:\/\/www.prosvetkolemnas.cz\/author\/","identifier":1,"image":{"@type":"ImageObject","@id":"https:\/\/secure.gravatar.com\/avatar\/4a857923b487546550539169ba61d16e7910c692fb61fb4681a6882b9bc918c0?s=96&d=mm&r=g","url":"https:\/\/secure.gravatar.com\/avatar\/4a857923b487546550539169ba61d16e7910c692fb61fb4681a6882b9bc918c0?s=96&d=mm&r=g","height":96,"width":96}},"publisher":{"@type":"Organization","name":"prosvetkolemnas.cz","logo":{"@type":"ImageObject","@id":"\/logo.png","url":"\/logo.png","width":600,"height":60}},"image":{"@type":"ImageObject","@id":"https:\/\/www.prosvetkolemnas.cz\/wp-content\/uploads\/key-2148476_640_8.jpg","url":"https:\/\/www.prosvetkolemnas.cz\/wp-content\/uploads\/key-2148476_640_8.jpg","height":0,"width":0},"url":"https:\/\/www.prosvetkolemnas.cz\/snurka-na-krk-pro-dospele-i-pro-deti\/","about":["V\u00fdrobky"],"wordCount":448,"articleBody":"       \u0160\u0148\u016frka na krk. Takov\u00e1 docela oby\u010dejn\u00e1 v\u011bc. Nicotn\u00e1, co byste mo\u017en\u00e1 vyhodili do popelnice s b\u011b\u017en\u00fdmi odpadky v dom\u00e1cnosti. Pamatuji se na dobu, kdy jsem pracoval ve firm\u011b, kde n\u011bkte\u0159\u00ed lid\u00e9 \u0161\u0148\u016frky na krku nosili, m\u011bli na nich p\u0159ipnut\u00e9 identifika\u010dn\u00ed karty, kter\u00e9 je oprav\u0148ovaly ke vstup\u016fm do ur\u010dit\u00fdch z\u00f3n. J\u00e1 si na nic takov\u00e9ho nepotrp\u011bl, p\u0159ipadalo mi to sp\u00ed\u0161e hloup\u00e9. Sv\u016fj n\u00e1zor jsem v\u0161ak zm\u011bnil v dob\u011b, kdy u\u017e jsem bydlel na druh\u00e9m konci republiky a vyn\u00e1\u0161el odpadky z bytu. M\u011bl jsem tehdy t\u011b\u017ek\u00fd svazek kl\u00ed\u010d\u016f zastr\u010den\u00fd v kapse u \u0161ortek a ka\u017ed\u00fdm na\u0161l\u00e1pnut\u00edm na schod se \u0161ortky vahou kl\u00ed\u010d\u016f sesouvaly ke kolen\u016fm.Nesm\u00edrn\u011b mi to vadilo, a tak jsem pak dr\u017eel rad\u011bji kl\u00ed\u010de v ruce, jen\u017ee tam p\u0159i vyn\u00e1\u0161en\u00ed odpadk\u016f p\u0159ek\u00e1\u017eely a nav\u00edc mohly snadno vyklouznout z ruky a spadnout mezi odpadky do kontejneru. Nakonec jsem si vzpomn\u011bl na \u0161\u0148\u016frku na krk, opat\u0159il si ji a dnes p\u0159i vyn\u00e1\u0161en\u00ed r\u016fzn\u00fdch b\u0159emen, co zaberou ob\u011b ruce, m\u00e1m kl\u00ed\u010de pohodln\u011b na krku a pad\u00e1n\u00ed kalhot ke kolen\u016fm v\u016fbec ne\u0159e\u0161\u00edm.V\u00fdhodou zav\u011b\u0161en\u00fdch p\u0159edm\u011bt\u016f na krku je to, \u017ee v\u00e1m nikam nemohou zapadnout, v\u00edte o nich, m\u00e1te je ve sv\u00e9m zorn\u00e9m poli a hlavn\u011b v\u00e1m nep\u0159ek\u00e1\u017e\u00ed, kdy\u017e pot\u0159ebujete m\u00edt ob\u011b ruce voln\u00e9. \u0160\u0148\u016frky na krk tedy mohou uplatnit lid\u00e9 v dom\u00e1cnostech i zam\u011bstnanci v kancel\u00e1\u0159\u00edch, kte\u0159\u00ed maj\u00ed na krku zav\u011b\u0161en\u00e9 ID karty. \u0160\u0148\u016frka m\u016f\u017ee p\u0159ij\u00edt vhod na \u0161kolen\u00ed pro lektory, aby m\u011bli studenti st\u00e1le na o\u010d\u00edch jm\u00e9no lektora a mohli jej tak\u00e9 jeho jm\u00e9nem oslovovat.\u0160\u0148\u016frka pro d\u011bti. Velmi \u0161ikovn\u00e1 je i \u0161\u0148\u016frka na krk pro d\u011bti. P\u0159ipnete na ni kl\u00ed\u010de od domu a od bytu a d\u011bti t\u00edm z\u00edskaj\u00ed spolehliv\u00e9ho pomocn\u00edka p\u0159i b\u011bh\u00e1n\u00ed venku mimo domov. Jsou-li kl\u00ed\u010de na \u0161\u0148\u016frce dob\u0159e p\u0159ipevn\u011bn\u00e9, je mal\u00e1 pravd\u011bpodobnost, \u017ee by se n\u011bkam vytrousily, co\u017e se naopak m\u016f\u017ee st\u00e1t u kl\u00ed\u010d\u016f v kapse. M\u00e1-li d\u00edt\u011b kl\u00ed\u010de na \u0161\u0148\u016frce zav\u011b\u0161en\u00e9 na krku na tri\u010dku a p\u0159es n\u011bj m\u00e1 oble\u010denou mikinu, kl\u00ed\u010de by se nem\u011bly ztratit ani p\u0159i v\u00e1len\u00ed sud\u016f a prov\u00e1d\u011bn\u00ed kotrmelc\u016f nebo v\u00fdmyk\u016f na hrazd\u011b.                                                                                                                                                                                                                                                                                                                                                                                                  "},{"@context":"https:\/\/schema.org\/","@type":"BreadcrumbList","itemListElement":[{"@type":"ListItem","position":1,"name":"\u0160\u0148\u016frka na krk pro dosp\u011bl\u00e9 i pro d\u011bti","item":"https:\/\/www.prosvetkolemnas.cz\/snurka-na-krk-pro-dospele-i-pro-deti\/#breadcrumbitem"}]}]