[{"@context":"https:\/\/schema.org\/","@type":"Article","@id":"https:\/\/www.prosvetkolemnas.cz\/siti-obleceni-na-miru-na-sicim-stroji\/#Article","mainEntityOfPage":"https:\/\/www.prosvetkolemnas.cz\/siti-obleceni-na-miru-na-sicim-stroji\/","headline":"\u0160it\u00ed oble\u010den\u00ed na m\u00edru na \u0161ic\u00edm stroji","name":"\u0160it\u00ed oble\u010den\u00ed na m\u00edru na \u0161ic\u00edm stroji","description":"Kreativita je p\u0159irozen\u00e1 lidsk\u00e1 vlastnost a t\u00fdk\u00e1 se mnoha obor\u016f lidsk\u00e9 \u010dinnosti. Kreativn\u00ed je kup\u0159\u00edkladu jedinec, co zhotovuje na sv\u00e9 zahrad\u011b chodn\u00ed\u010dky z kamene. Anebo stav\u00ed zahradn\u00ed alt\u00e1n pro d\u011bti. Kreativn\u00ed jsou i ti, co si sami vyr\u00e1b\u00ed oble\u010den\u00ed a <a href=\"https:\/\/www.prosvetkolemnas.cz\/siti-obleceni-na-miru-na-sicim-stroji\/\" class=\"read-more\">Read More<\/a>","datePublished":"2025-09-05","dateModified":"2025-09-05","author":{"@type":"Person","@id":"https:\/\/www.prosvetkolemnas.cz\/author\/#Person","name":"","url":"https:\/\/www.prosvetkolemnas.cz\/author\/","identifier":1,"image":{"@type":"ImageObject","@id":"https:\/\/secure.gravatar.com\/avatar\/4a857923b487546550539169ba61d16e7910c692fb61fb4681a6882b9bc918c0?s=96&d=mm&r=g","url":"https:\/\/secure.gravatar.com\/avatar\/4a857923b487546550539169ba61d16e7910c692fb61fb4681a6882b9bc918c0?s=96&d=mm&r=g","height":96,"width":96}},"publisher":{"@type":"Organization","name":"prosvetkolemnas.cz","logo":{"@type":"ImageObject","@id":"\/logo.png","url":"\/logo.png","width":600,"height":60}},"image":{"@type":"ImageObject","@id":"https:\/\/www.prosvetkolemnas.cz\/wp-content\/uploads\/ironing-403074_640_10.jpg","url":"https:\/\/www.prosvetkolemnas.cz\/wp-content\/uploads\/ironing-403074_640_10.jpg","height":0,"width":0},"url":"https:\/\/www.prosvetkolemnas.cz\/siti-obleceni-na-miru-na-sicim-stroji\/","about":["V\u00fdrobky"],"wordCount":408,"articleBody":"         Kreativita je p\u0159irozen\u00e1 lidsk\u00e1 vlastnost a t\u00fdk\u00e1 se mnoha obor\u016f lidsk\u00e9 \u010dinnosti. Kreativn\u00ed je kup\u0159\u00edkladu jedinec, co zhotovuje na sv\u00e9 zahrad\u011b chodn\u00ed\u010dky z kamene. Anebo stav\u00ed zahradn\u00ed alt\u00e1n pro d\u011bti. Kreativn\u00ed jsou i ti, co si sami vyr\u00e1b\u00ed oble\u010den\u00ed a dal\u0161\u00ed textiln\u00ed v\u00fdrobky na \u0161ic\u00edm stroji. T\u00edmto zp\u016fsobem lze zhotovit naprosto origin\u00e1ln\u00ed kalhoty, halenku, mikinu, ko\u0161ili, bundu atd. U\u0161\u00edt si samoz\u0159ejm\u011b m\u016f\u017eete i py\u017eamo nebo dom\u00e1c\u00ed tepl\u00e1kovou soupravu. A m\u016f\u017eete \u0161\u00edt oble\u010den\u00ed pro sebe, pro p\u0159\u00edtele, p\u0159\u00edtelkyni, d\u011bti, rodi\u010de, prarodi\u010de, kamar\u00e1dy atd. A te\u010f si p\u0159edstavte, \u017ee objev\u00edte v n\u011bjak\u00e9m obchod\u011b l\u00e1tku, co v\u00e1s oslov\u00ed materi\u00e1lem i barvou. Bude to t\u0159eba n\u011bco, s \u010d\u00edm jste se dosud v b\u011b\u017en\u00e9 konfekci nesetkali. Pr\u00e1v\u011b v tom lze spat\u0159it jednu z v\u00fdhod \u0161it\u00ed na \u0161ic\u00edm stroji, nebo\u0165 si m\u016f\u017eete zhotovit oble\u010den\u00ed p\u0159esn\u011b na m\u00edru tak, aby v\u00e1m vyhovoval druh textilie, st\u0159ih od\u011bvu a jeho rozm\u011bry. Nebudete z\u00e1visl\u00ed na tom, co v\u00e1m nab\u00eddne trh.Tepl\u00e1kov\u00e1 souprava Radost si m\u016f\u017eete dop\u0159\u00e1t i tehdy, jestli\u017ee se rozhodnete u\u0161\u00edt kup\u0159\u00edkladu dom\u00e1c\u00ed t\u0159\u00ed\u010dtvrte\u010dn\u00ed kalhoty, tepl\u00e1ky a mikinu. Po\u0159\u00edd\u00edte dostate\u010dn\u00e9 mno\u017estv\u00ed textiln\u00edho materi\u00e1lu a nakoup\u00edte dal\u0161\u00ed pot\u0159ebn\u00e9 v\u011bci, nap\u0159\u00edklad pru\u017eenky Prima-obchod.cz do pasu, zipy, nit\u011b atp. Velikost oble\u010den\u00ed bude p\u0159esn\u011b takov\u00e1, co v\u00e1m padne. Tak\u017ee \u017e\u00e1dn\u00e9 kompromisy s p\u0159\u00edli\u0161 dlouh\u00fdmi nebo kr\u00e1tk\u00fdmi nohavicemi. \u017d\u00e1dn\u00e9 \u00fastupky u t\u011bsn\u00fdch mikin. \u017d\u00e1dn\u00e9 \u0161krcen\u00ed u krku. \u017d\u00e1dn\u00e9 extr\u00e9mn\u011b dlouh\u00e9 ruk\u00e1vy, co je mus\u00edte zahrnovat. \u017d\u00e1dn\u00e1 t\u011bsn\u00e1 ramena a \u017e\u00e1dn\u00fd t\u011bsn\u00fd pas.Tepl\u00e1ky jako d\u00e1rekU\u0161\u00edt dom\u00e1c\u00ed tepl\u00e1ky s pru\u017eenkou v pase lze i pro n\u011bkoho jin\u00e9ho. Kup\u0159\u00edkladu m\u00e1te mil\u00e9ho a laskav\u00e9ho p\u0159\u00edtele, kter\u00fd tak\u00e9 ocen\u00ed va\u0161i \u0161ikovnost a r\u00e1d obl\u00e9kne dom\u00e1c\u00ed oble\u010den\u00ed, co mu dob\u0159e padne a nebude muset \u0159e\u0161it \u017e\u00e1dn\u00e1 omezen\u00ed. A c\u00edtit se v takov\u00e9m od\u011bvu pohodln\u011b je velice d\u016fle\u017eit\u00e9 pro dom\u00e1c\u00ed pohodu bez stresu, a\u0165 u\u017e se v\u011bnujete jak\u00e9koli \u010dinnosti.                                                                                                                                                                                                                                                                                                                                                                                                   "},{"@context":"https:\/\/schema.org\/","@type":"BreadcrumbList","itemListElement":[{"@type":"ListItem","position":1,"name":"\u0160it\u00ed oble\u010den\u00ed na m\u00edru na \u0161ic\u00edm stroji","item":"https:\/\/www.prosvetkolemnas.cz\/siti-obleceni-na-miru-na-sicim-stroji\/#breadcrumbitem"}]}]