[{"@context":"https:\/\/schema.org\/","@type":"Article","@id":"https:\/\/www.prosvetkolemnas.cz\/severni-italie-to-nejsou-jenom-benatky-a-milano\/#Article","mainEntityOfPage":"https:\/\/www.prosvetkolemnas.cz\/severni-italie-to-nejsou-jenom-benatky-a-milano\/","headline":"Severn\u00ed It\u00e1lie &#8211; to nejsou jenom Ben\u00e1tky a Milano","name":"Severn\u00ed It\u00e1lie &#8211; to nejsou jenom Ben\u00e1tky a Milano","description":"P\u0159em\u00fd\u0161l\u00edte, kam se vydat na del\u0161\u00ed, \u0159ekneme t\u0159\u00ed a\u017e \u010dty\u0159 t\u00fddenn\u00ed dovolenou, ale m\u00e1te n\u011bkolik po\u017eadavk\u016f: \u2022\u00a0\u00a0\u00a0 nemuset let\u011bt, \u2022\u00a0\u00a0\u00a0 pozn\u00e1vat architekturu, ale vid\u011bt i p\u0159\u00edrodu, \u2022\u00a0\u00a0\u00a0 projet v\u00edce m\u00edst, \u2022\u00a0\u00a0\u00a0 ochutnat vynikaj\u00edc\u00ed kuchyni, \u2022\u00a0\u00a0\u00a0 poznat jinou mentalitu. \u00a0 Pak <a href=\"https:\/\/www.prosvetkolemnas.cz\/severni-italie-to-nejsou-jenom-benatky-a-milano\/\" class=\"read-more\">Read More<\/a>","datePublished":"2025-10-24","dateModified":"2025-10-24","author":{"@type":"Person","@id":"https:\/\/www.prosvetkolemnas.cz\/author\/#Person","name":"","url":"https:\/\/www.prosvetkolemnas.cz\/author\/","identifier":1,"image":{"@type":"ImageObject","@id":"https:\/\/secure.gravatar.com\/avatar\/4a857923b487546550539169ba61d16e7910c692fb61fb4681a6882b9bc918c0?s=96&d=mm&r=g","url":"https:\/\/secure.gravatar.com\/avatar\/4a857923b487546550539169ba61d16e7910c692fb61fb4681a6882b9bc918c0?s=96&d=mm&r=g","height":96,"width":96}},"publisher":{"@type":"Organization","name":"prosvetkolemnas.cz","logo":{"@type":"ImageObject","@id":"\/logo.png","url":"\/logo.png","width":600,"height":60}},"url":"https:\/\/www.prosvetkolemnas.cz\/severni-italie-to-nejsou-jenom-benatky-a-milano\/","wordCount":412,"articleBody":"P\u0159em\u00fd\u0161l\u00edte, kam se vydat na del\u0161\u00ed, \u0159ekneme t\u0159\u00ed a\u017e \u010dty\u0159 t\u00fddenn\u00ed dovolenou, ale m\u00e1te n\u011bkolik po\u017eadavk\u016f:\u2022\u00a0\u00a0\u00a0 nemuset let\u011bt,\u2022\u00a0\u00a0\u00a0 pozn\u00e1vat architekturu, ale vid\u011bt i p\u0159\u00edrodu,\u2022\u00a0\u00a0\u00a0 projet v\u00edce m\u00edst,\u2022\u00a0\u00a0\u00a0 ochutnat vynikaj\u00edc\u00ed kuchyni,\u2022\u00a0\u00a0\u00a0 poznat jinou mentalitu.\u00a0Pak m\u00e1me pro v\u00e1s tip na dovolenkovou destinaci &#8211; severn\u00ed It\u00e1lie. Pt\u00e1te se, pro\u010d pouze severn\u00ed?A.\u00a0\u00a0\u00a0\u00a0 nehroz\u00ed zde zem\u011bt\u0159esen\u00ed,B.\u00a0\u00a0\u00a0\u00a0 p\u0159\u00edstupn\u011bj\u0161\u00ed autobusov\u00e1 doprava,C.\u00a0\u00a0\u00a0\u00a0 cel\u00e1 \u0159ada zaj\u00edmav\u00fdch m\u011bst,D.\u00a0\u00a0\u00a0\u00a0 bl\u00ed\u017ee k Alp\u00e1m do p\u0159\u00edrody,E.\u00a0\u00a0\u00a0\u00a0\u00a0 v letn\u00edch m\u011bs\u00edc\u00edch je zde chladn\u011bji ne\u017e na rozp\u00e1len\u00e9m jihu.\u00a0Poj\u010fme se ale u\u017e pod\u00edvat na n\u011bkolik tip\u016f, m\u00edst, kter\u00e9 byste p\u0159i sv\u00e9m putov\u00e1n\u00ed nem\u011bli vynechat:\u00a0\tFlorencM\u011bsto rozkv\u011btu renesance, kde je sice velk\u00e9 mno\u017estv\u00ed turist\u016f i po sez\u00f3n\u011b, ale architektonicky je to nejv\u011bt\u0161\u00ed skvost v severn\u00ed It\u00e1lii &#8211; Duome, Piazza Michalangelo nebo Ponte Vecchio. Doporu\u010dujeme p\u0159ed z\u00e1padem slun\u00ed\u010dka vystoupat na Piazza Michalangelo, odkud je n\u00e1dhern\u00fd v\u00fdhled na celou Florenc, j\u00ed\u017e prot\u00e9k\u00e1 \u0159eka Arno.\u00a0\tJezero ComoPokud zav\u00edt\u00e1te do Mil\u00e1na, mo\u017en\u00e1 budete zklam\u00e1ni po\u0161mournou \u0161edost\u00ed tohoto velkom\u011bsta. Ur\u010dit\u011b ale vyu\u017eijte mo\u017enosti vyjet za Mil\u00e1no do oblasti jezer Como a Lecca. Rychl\u00edkem jste zde za hodinu a m\u016f\u017eete si u\u017e\u00edvat klidu a horsk\u00e9 p\u0159\u00edrody.\u00a0\tBen\u00e1tkyUzn\u00e1v\u00e1me, \u017ee je to takov\u00e1 klasika, kam jezd\u00ed snad nejv\u00edce turist\u016f. Vy ale ud\u011blejte zm\u011bnu, nepla\u0165te si vodn\u00ed tax\u00edk a projd\u011bte se vnit\u0159kem tohoto m\u011bsta gondol. Ob\u010das se budete muset prod\u00edrat davy turist\u016f, ale uvid\u00edte mnohem v\u00edce ne\u017e z Grande kan\u00e1lu.\u00a0\tTerstTerst je podobn\u00e9 p\u0159\u00edstavn\u00ed m\u011bsto jako Janov. Pl\u00e1\u017ee zde moc nenaleznete, ale za to turistick\u00fdch atrakc\u00ed je zde cel\u00e1 \u0159ada, jmenujme nap\u0159\u00edklad:&#8211;\u00a0\u00a0\u00a0\u00a0 nejv\u011bt\u0161\u00ed n\u00e1m\u011bst\u00ed otev\u0159en\u00e9 do mo\u0159e v Evrop\u011b,&#8211;\u00a0\u00a0\u00a0\u00a0 druh\u00fd nejv\u011bt\u0161\u00ed maj\u00e1k v Evrop\u011b,&#8211;\u00a0\u00a0\u00a0\u00a0 nejv\u011bt\u0161\u00ed jeskyn\u011b na sv\u011bt\u011b.\u00a0Pokud vyu\u017eijete n\u011bmeck\u00e9 autobusov\u00e9 dopravy Flixbus, u\u017eijete si kr\u00e1sn\u00fdch scen\u00e9ri\u00ed za okny autobusu, komfortu s wifi p\u0159ipojen\u00edm a je\u0161t\u011b zna\u010dn\u011b u\u0161et\u0159\u00edte pen\u00edze. Nav\u00edc spole\u010dnost pokr\u00fdv\u00e1 v\u0161echna velk\u00e1 m\u011bsta v severn\u00ed It\u00e1lii.                                                                                                                                                                                                                                                                                                                                                                                                "},{"@context":"https:\/\/schema.org\/","@type":"BreadcrumbList","itemListElement":[{"@type":"ListItem","position":1,"name":"Severn\u00ed It\u00e1lie &#8211; to nejsou jenom Ben\u00e1tky a Milano","item":"https:\/\/www.prosvetkolemnas.cz\/severni-italie-to-nejsou-jenom-benatky-a-milano\/#breadcrumbitem"}]}]