[{"@context":"https:\/\/schema.org\/","@type":"Article","@id":"https:\/\/www.prosvetkolemnas.cz\/neviditelna-technologie\/#Article","mainEntityOfPage":"https:\/\/www.prosvetkolemnas.cz\/neviditelna-technologie\/","headline":"Neviditeln\u00e1 technologie","name":"Neviditeln\u00e1 technologie","description":"Za posledn\u00edch n\u011bkolik des\u00edtek let ud\u011blalo lidstvo ve sv\u00e9m v\u00fdvoji neuv\u011b\u0159iteln\u00fd pokrok. Kdy\u017e si vzpomeneme, kdy za\u010daly nap\u0159\u00edklad mobiln\u00ed telefony, kter\u00e9 jsou dnes natolik b\u011b\u017en\u00e9, \u017ee u\u017e se bez nich neobejdeme, tak se a\u017e zataj\u00ed dech. Tot\u00e9\u017e se d\u00e1 \u0159\u00edci <a href=\"https:\/\/www.prosvetkolemnas.cz\/neviditelna-technologie\/\" class=\"read-more\">Read More<\/a>","datePublished":"2025-10-18","dateModified":"2025-10-18","author":{"@type":"Person","@id":"https:\/\/www.prosvetkolemnas.cz\/author\/#Person","name":"","url":"https:\/\/www.prosvetkolemnas.cz\/author\/","identifier":1,"image":{"@type":"ImageObject","@id":"https:\/\/secure.gravatar.com\/avatar\/4a857923b487546550539169ba61d16e7910c692fb61fb4681a6882b9bc918c0?s=96&d=mm&r=g","url":"https:\/\/secure.gravatar.com\/avatar\/4a857923b487546550539169ba61d16e7910c692fb61fb4681a6882b9bc918c0?s=96&d=mm&r=g","height":96,"width":96}},"publisher":{"@type":"Organization","name":"prosvetkolemnas.cz","logo":{"@type":"ImageObject","@id":"\/logo.png","url":"\/logo.png","width":600,"height":60}},"url":"https:\/\/www.prosvetkolemnas.cz\/neviditelna-technologie\/","wordCount":369,"articleBody":"Za posledn\u00edch n\u011bkolik des\u00edtek let ud\u011blalo lidstvo ve sv\u00e9m v\u00fdvoji neuv\u011b\u0159iteln\u00fd pokrok. Kdy\u017e si vzpomeneme, kdy za\u010daly nap\u0159\u00edklad mobiln\u00ed telefony, kter\u00e9 jsou dnes natolik b\u011b\u017en\u00e9, \u017ee u\u017e se bez nich neobejdeme, tak se a\u017e zataj\u00ed dech. Tot\u00e9\u017e se d\u00e1 \u0159\u00edci i o po\u010d\u00edta\u010d\u00edch. Stejn\u011b tak m\u011b fascinuj\u00ed st\u00e1le nov\u00e9 a nov\u00e9 vyn\u00e1lezy, kter\u00e9 ovliv\u0148uj\u00ed \u017eivot \u010dlov\u011bka, a\u010dkoliv si to mnohdy ani neuv\u011bdomuje.Jedn\u00edm takov\u00fdm vyn\u00e1lezem je nanotechnologie.Kdybych m\u011bla tuto velice slo\u017eitou technologii velice zjednodu\u0161it, asi bych pou\u017eila jednu \u00fa\u017easnou v\u011btu z\u00a0nem\u00e9n\u011b skv\u011bl\u00e9ho filmu. Mimikry je, kdy\u017e se ztrat\u00ed. Tak tady bych \u0159ekla \u2013 nanotechnologie je, kdy\u017e to nevid\u00ed\u0161. O to tam pr\u00e1v\u011b jde. Produkty, kter\u00e9 vyu\u017e\u00edvaj\u00ed tuto nanotechnologii, jsou dokonalost sama.Vyu\u017eit\u00ed na\u0161ly ve\u00b7\u00a0\u00a0\u00a0\u00a0\u00a0\u00a0\u00a0\u00a0 v\u00fdpo\u010detn\u00ed technice\u00b7\u00a0\u00a0\u00a0\u00a0\u00a0\u00a0\u00a0\u00a0 elektronice\u00b7\u00a0\u00a0\u00a0\u00a0\u00a0\u00a0\u00a0\u00a0 optice\u00b7\u00a0\u00a0\u00a0\u00a0\u00a0\u00a0\u00a0\u00a0 medic\u00edn\u011b\u00a0\u00b7\u00a0\u00a0\u00a0\u00a0\u00a0\u00a0\u00a0\u00a0 textiln\u00edm a obuvnick\u00e9m pr\u016fmysluA ty posledn\u00ed dva jsou pr\u00e1v\u011b ty produkty, kter\u00e9 se t\u00fdkaj\u00ed ka\u017ed\u00e9ho z\u00a0n\u00e1s.\tSuch\u00e1 z\u00e1da i v de\u0161tiTextiln\u00ed v\u00fdrobky, o\u0161et\u0159en\u00e9 touto modern\u00ed technologi\u00ed\u00b7\u00a0\u00a0\u00a0\u00a0\u00a0\u00a0\u00a0 odpuzuj\u00ed vodu\u00b7\u00a0\u00a0\u00a0\u00a0\u00a0\u00a0\u00a0 jsou odoln\u00e9 proti za\u0161pin\u011bn\u00ed\u00a0\u00b7\u00a0\u00a0\u00a0\u00a0\u00a0\u00a0\u00a0 snadno se \u010dist\u00edPou\u017e\u00edvaj\u00ed se tedy na&#8211;\u00a0\u00a0\u00a0\u00a0\u00a0\u00a0\u00a0\u00a0 tri\u010dka&#8211;\u00a0\u00a0\u00a0\u00a0\u00a0\u00a0\u00a0\u00a0 \u010depice&#8211;\u00a0\u00a0\u00a0\u00a0\u00a0\u00a0\u00a0\u00a0 kalhoty&#8211;\u00a0\u00a0\u00a0\u00a0\u00a0\u00a0\u00a0\u00a0 ko\u0161ile&#8211;\u00a0\u00a0\u00a0\u00a0\u00a0\u00a0\u00a0\u00a0 bundyJak\u00e1 to kr\u00e1sn\u00e1 p\u0159edstava mlad\u00e9 maminky, kter\u00e1 obl\u00e9kne sv\u00e9ho potomka do textiln\u00edch produkt\u016f, kter\u00e9 byly upraveny pomoc\u00ed nanotechnologie a on p\u0159ijde ve\u010der z\u00a0p\u00edskovi\u0161t\u011b t\u00e9m\u011b\u0159 \u010dist\u00fd a z\u00a0proch\u00e1zky mokrou tr\u00e1vou se such\u00fdma nohama. Nanotechnologie se toti\u017e pou\u017e\u00edv\u00e1 nejen na oble\u010den\u00ed ale i na produkty obuvnick\u00e9.A kdo je vyznava\u010dem nocov\u00e1n\u00ed v\u00a0kempu nebo t\u0159eba pod \u0161ir\u00e1kem, jist\u011b ocen\u00ed tuto technologii, kter\u00e1 se pou\u017e\u00edv\u00e1 i na produkty z\u00a0\u0159ady outdoorov\u00e9ho vybaven\u00ed. Nen\u00ed pot\u0159eba se ob\u00e1vat n\u011bjak\u00fdch ne\u017e\u00e1douc\u00edch reakc\u00ed na poko\u017eku. Tento n\u00e1t\u011br je pro zdrav\u00ed \u010dlov\u011bka absolutn\u011b ne\u0161kodn\u00fd. A neviditeln\u00fd. Kdo v\u00ed, kam tento v\u00fdvoj p\u016fjde. Tak trochu mi to toti\u017e p\u0159ipom\u00edn\u00e1 jednu poh\u00e1dku. \u00a0Ale tam bylo neviditeln\u00e9 cel\u00e9 oble\u010den\u00ed.\u00a0                                                                                                                                                                                                                                                                                                                                                                                                 "},{"@context":"https:\/\/schema.org\/","@type":"BreadcrumbList","itemListElement":[{"@type":"ListItem","position":1,"name":"Neviditeln\u00e1 technologie","item":"https:\/\/www.prosvetkolemnas.cz\/neviditelna-technologie\/#breadcrumbitem"}]}]