[{"@context":"https:\/\/schema.org\/","@type":"Article","@id":"https:\/\/www.prosvetkolemnas.cz\/lepsi-je-tvrda-matrace\/#Article","mainEntityOfPage":"https:\/\/www.prosvetkolemnas.cz\/lepsi-je-tvrda-matrace\/","headline":"Lep\u0161\u00ed je tvrd\u00e1 matrace","name":"Lep\u0161\u00ed je tvrd\u00e1 matrace","description":"Sp\u00edte dob\u0159e? Je opravdu hodn\u011b lid\u00ed, kte\u0159\u00ed si mysl\u00ed, \u017ee sp\u00ed dob\u0159e. Jenom\u017ee ve v\u011bt\u0161in\u011b p\u0159\u00edpad\u016f toho b\u00fdv\u00e1 \u00fapln\u011b naopak. Proto\u017ee mnoho lid\u00ed sp\u00ed i na \u0161patn\u00e9 matraci. Ale mnoho lid\u00ed si to v\u016fbec nechce p\u0159ipustit. A necht\u011bj\u00ed si to <a href=\"https:\/\/www.prosvetkolemnas.cz\/lepsi-je-tvrda-matrace\/\" class=\"read-more\">Read More<\/a>","datePublished":"2025-09-01","dateModified":"2025-09-01","author":{"@type":"Person","@id":"https:\/\/www.prosvetkolemnas.cz\/author\/#Person","name":"","url":"https:\/\/www.prosvetkolemnas.cz\/author\/","identifier":1,"image":{"@type":"ImageObject","@id":"https:\/\/secure.gravatar.com\/avatar\/4a857923b487546550539169ba61d16e7910c692fb61fb4681a6882b9bc918c0?s=96&d=mm&r=g","url":"https:\/\/secure.gravatar.com\/avatar\/4a857923b487546550539169ba61d16e7910c692fb61fb4681a6882b9bc918c0?s=96&d=mm&r=g","height":96,"width":96}},"publisher":{"@type":"Organization","name":"prosvetkolemnas.cz","logo":{"@type":"ImageObject","@id":"\/logo.png","url":"\/logo.png","width":600,"height":60}},"image":{"@type":"ImageObject","@id":"https:\/\/www.prosvetkolemnas.cz\/wp-content\/uploads\/room-567735_640_3.jpg","url":"https:\/\/www.prosvetkolemnas.cz\/wp-content\/uploads\/room-567735_640_3.jpg","height":0,"width":0},"url":"https:\/\/www.prosvetkolemnas.cz\/lepsi-je-tvrda-matrace\/","about":["V\u00fdrobky"],"wordCount":398,"articleBody":"         Sp\u00edte dob\u0159e? Je opravdu hodn\u011b lid\u00ed, kte\u0159\u00ed si mysl\u00ed, \u017ee sp\u00ed dob\u0159e. Jenom\u017ee ve v\u011bt\u0161in\u011b p\u0159\u00edpad\u016f toho b\u00fdv\u00e1 \u00fapln\u011b naopak. Proto\u017ee mnoho lid\u00ed sp\u00ed i na \u0161patn\u00e9 matraci. Ale mnoho lid\u00ed si to v\u016fbec nechce p\u0159ipustit. A necht\u011bj\u00ed si to p\u0159ipustit tak\u00e9 hlavn\u011b z toho d\u016fvodu, \u017ee by si museli kupovat novou matraci, kdyby spali t\u0159eba na \u0161patn\u00e9 matraci. Proto si mysl\u00edm, \u017ee kdy\u017e zainvestujete pen\u00edze do kvalitn\u00ed matrace, \u017ee se v\u00e1m bude sp\u00e1t l\u00e9pe. Neud\u011bl\u00e1te chybu, kdy\u017e si se\u017eenete i n\u011bjak\u00e9ho odborn\u00edka, kter\u00fd v\u00e1m \u0159ekne o v\u00e1s, bude opravdu nejvhodn\u011bj\u0161\u00ed. Mysl\u00edm si, \u017ee nejlep\u0161\u00ed bude, kdy\u017e se zept\u00e1te profesion\u00e1la, kter\u00fd se vyzn\u00e1 v matrac\u00edch, jestli tvrdou nebo m\u011bkkou matraci. Tvrd\u00e9 matrace 90&#215;200 jsou zat\u00edm nejv\u00edce prod\u00e1van\u00e9. J\u00e1 sama za sebe doporu\u010duji, abyste si sehnali sp\u00ed\u0161e tvrd\u0161\u00ed matraci, ne\u017e kdybyste m\u011bli m\u011bk\u010d\u00ed matraci. Proto\u017ee kdy\u017e budete m\u00edt opravdu hodn\u011b m\u011bkkou matraci, do kter\u00e9 se moc propadnete, tak to samoz\u0159ejm\u011b nen\u00ed vhodn\u00e9 pro va\u0161e z\u00e1da. Celkov\u011b pro v\u00e1\u0161 kostern\u00ed apar\u00e1t. Proto by bylo nejlep\u0161\u00ed, abyste m\u011bli st\u0159edn\u011b tvrdou anebo tvrdou matraci. A pokud v\u00e1h\u00e1te, jak\u00e9 rozm\u011bry matrac\u00ed, jsou nejprod\u00e1van\u011bj\u0161\u00ed, tak je to stoosmdes\u00e1tka anebo matrace velikosti 90 na 200. Tvrd\u00e9 matrace o velikosti 90 na 200 jsou nejv\u00edce prod\u00e1van\u00e9, proto\u017ee je to takov\u00e1 klasika. Hod\u00ed se to tak\u00e9 pro mal\u00e9 d\u011bti, ale samoz\u0159ejm\u011b i pro dosp\u011bl\u00e9. Nav\u00edc bych cht\u011bla zm\u00ednit a vlastn\u011b to i mus\u00edm napsat, \u017ee tvrd\u00e9 matrace o velikosti 90 na 200 se nejv\u00edce hod\u00ed pro d\u011bti. Mal\u00e9 d\u011bti by hlavn\u011b m\u011bly m\u00edt n\u011bjakou tvrd\u0161\u00ed matraci. Tvrd\u0161\u00ed matraci anebo p\u0159\u00edmo tvrdou matraci. A to hlavn\u011b kv\u016fli tomu, \u017ee je mal\u00e9 d\u011bti se je\u0161t\u011b vyv\u00edjej\u00ed a nem\u011bly by m\u00edt v\u016fbec m\u011bkk\u00e9 matrace. Mysl\u00edm si, \u017ee tady mi d\u00e1 ka\u017ed\u00fd ortoped zapravdu. Pov\u00edm v\u00e1m, \u017ee j\u00e1 kdysi p\u0159ed lety jsem m\u011bla opravdu hodn\u011b m\u011bkkou matraci. Cht\u011bla jsem ji, ale po n\u011bkolika t\u00fddnech jsem toho litovala, proto\u017ee m\u011bkk\u00e1 matrace byla pro m\u011b \u00fapln\u00e1 katastrofa.                                                                                                                                                                                                                                                                                                                                                                                                  "},{"@context":"https:\/\/schema.org\/","@type":"BreadcrumbList","itemListElement":[{"@type":"ListItem","position":1,"name":"Lep\u0161\u00ed je tvrd\u00e1 matrace","item":"https:\/\/www.prosvetkolemnas.cz\/lepsi-je-tvrda-matrace\/#breadcrumbitem"}]}]