[{"@context":"https:\/\/schema.org\/","@type":"Article","@id":"https:\/\/www.prosvetkolemnas.cz\/kruhy-cervene-jako-zrale-jablicko\/#Article","mainEntityOfPage":"https:\/\/www.prosvetkolemnas.cz\/kruhy-cervene-jako-zrale-jablicko\/","headline":"Kruhy \u010derven\u00e9 jako zral\u00e9 jabl\u00ed\u010dko","name":"Kruhy \u010derven\u00e9 jako zral\u00e9 jabl\u00ed\u010dko","description":"Pokud uva\u017eujete o nov\u00fdch d\u011btsk\u00fdch n\u00e1u\u0161nic\u00edch pro Va\u0161i princeznu, mo\u017en\u00e1 pr\u00e1v\u011b nyn\u00ed \u0159e\u0161\u00edte, jakou zvolit barvu, aby se Va\u0161\u00ed princezn\u011b l\u00edbila. M\u016f\u017eeme V\u00e1m doporu\u010dit tmav\u011b \u010dervenou, kter\u00e1 slu\u0161\u00ed doopravdy ka\u017ed\u00e9 princezn\u011b. N\u00e1sledn\u011b se m\u016f\u017eete rozhodnout, jestli zvol\u00edte n\u011bjak\u00fd st\u0159\u00edbrn\u00fd nebo <a href=\"https:\/\/www.prosvetkolemnas.cz\/kruhy-cervene-jako-zrale-jablicko\/\" class=\"read-more\">Read More<\/a>","datePublished":"2025-08-20","dateModified":"2025-08-20","author":{"@type":"Person","@id":"https:\/\/www.prosvetkolemnas.cz\/author\/#Person","name":"","url":"https:\/\/www.prosvetkolemnas.cz\/author\/","identifier":1,"image":{"@type":"ImageObject","@id":"https:\/\/secure.gravatar.com\/avatar\/4a857923b487546550539169ba61d16e7910c692fb61fb4681a6882b9bc918c0?s=96&d=mm&r=g","url":"https:\/\/secure.gravatar.com\/avatar\/4a857923b487546550539169ba61d16e7910c692fb61fb4681a6882b9bc918c0?s=96&d=mm&r=g","height":96,"width":96}},"publisher":{"@type":"Organization","name":"prosvetkolemnas.cz","logo":{"@type":"ImageObject","@id":"\/logo.png","url":"\/logo.png","width":600,"height":60}},"url":"https:\/\/www.prosvetkolemnas.cz\/kruhy-cervene-jako-zrale-jablicko\/","wordCount":219,"articleBody":"Pokud uva\u017eujete o nov\u00fdch d\u011btsk\u00fdch n\u00e1u\u0161nic\u00edch pro Va\u0161i princeznu, mo\u017en\u00e1 pr\u00e1v\u011b nyn\u00ed \u0159e\u0161\u00edte, jakou zvolit barvu, aby se Va\u0161\u00ed princezn\u011b l\u00edbila. M\u016f\u017eeme V\u00e1m doporu\u010dit tmav\u011b \u010dervenou, kter\u00e1 slu\u0161\u00ed doopravdy ka\u017ed\u00e9 princezn\u011b. N\u00e1sledn\u011b se m\u016f\u017eete rozhodnout, jestli zvol\u00edte n\u011bjak\u00fd st\u0159\u00edbrn\u00fd nebo zlat\u00fd model. V\u011bt\u0161ina rodi\u010d\u016f d\u00e1v\u00e1 u mal\u00fdch princezen p\u0159ednost zlatu, kter\u00e9 se v\u011bt\u0161inou velmi dob\u0159e sn\u00e1\u0161\u00ed. Velikost kam\u00ednku bude tak\u00e9 na Va\u0161em rozhodnut\u00ed, ale ur\u010dit\u011b je vhodn\u011bj\u0161\u00ed n\u011bjak\u00fd drobn\u011bj\u0161\u00ed model, kter\u00fd bude vhodn\u00fd pro Va\u0161i malou princeznu. Dopl\u0148ky \u017elut\u00e9 jako slun\u00ed\u010dko Na d\u011btsk\u00fdch n\u00e1u\u0161n\u00edc\u00edch bude ur\u010dit\u011b p\u0159ekr\u00e1sn\u00e1 i \u017elut\u00e1 barva. Jestli jste rozhodnut\u00e1 koupit n\u011bjak\u00fd st\u0159\u00edbrn\u00fd model, \u017elut\u00fd kam\u00ednek bude ur\u010dit\u011b spr\u00e1vn\u00e1 volba. Takov\u00fd typ se bude v letn\u00edch m\u011bs\u00edc\u00edch na slun\u00ed\u010dku doopravdy p\u0159ekr\u00e1sn\u011b t\u0159pytit a Va\u0161e dcera bude nep\u0159ehl\u00e9dnuteln\u00e1. Pokud j\u00ed je\u0161t\u011b jako bonus koup\u00edte n\u011bjak\u00e9 kr\u00e1sn\u00e9 \u017elut\u00e9 \u0161atky, bude vypadat jako n\u011bjak\u00e1 panenka. Zcela ur\u010dit\u011b se bude l\u00edbit i babi\u010dk\u00e1m a d\u011bde\u010dk\u016fm.                                                                                                                                                                                                                                                                                                                                                                                                "},{"@context":"https:\/\/schema.org\/","@type":"BreadcrumbList","itemListElement":[{"@type":"ListItem","position":1,"name":"Kruhy \u010derven\u00e9 jako zral\u00e9 jabl\u00ed\u010dko","item":"https:\/\/www.prosvetkolemnas.cz\/kruhy-cervene-jako-zrale-jablicko\/#breadcrumbitem"}]}]