[{"@context":"https:\/\/schema.org\/","@type":"Article","@id":"https:\/\/www.prosvetkolemnas.cz\/jaky-je-rozdil-mezi-vybavenim-bytu-a-domu\/#Article","mainEntityOfPage":"https:\/\/www.prosvetkolemnas.cz\/jaky-je-rozdil-mezi-vybavenim-bytu-a-domu\/","headline":"Jak\u00fd je rozd\u00edl mezi vybaven\u00edm bytu a domu","name":"Jak\u00fd je rozd\u00edl mezi vybaven\u00edm bytu a domu","description":"Ka\u017ed\u00fd domov, aby se v\u00a0n\u011bm pohodln\u011b \u017eilo, mus\u00ed b\u00fdt dob\u0159e vybaven\u00fd. Ov\u0161em ot\u00e1zka je, jak\u00e9 by ono vybaven\u00ed m\u011blo b\u00fdt. To se toti\u017e m\u016f\u017ee li\u0161it podle n\u011bkolika faktor\u016f, p\u0159i\u010dem\u017e jedn\u00edm z\u00a0nich je tak\u00e9 to, zda bydl\u00edme v\u00a0rodinn\u00e9m dom\u011b nebo v\u00a0byt\u011b. <a href=\"https:\/\/www.prosvetkolemnas.cz\/jaky-je-rozdil-mezi-vybavenim-bytu-a-domu\/\" class=\"read-more\">Read More<\/a>","datePublished":"2023-11-23","dateModified":"2023-11-23","author":{"@type":"Person","@id":"https:\/\/www.prosvetkolemnas.cz\/author\/#Person","name":"","url":"https:\/\/www.prosvetkolemnas.cz\/author\/","identifier":1,"image":{"@type":"ImageObject","@id":"https:\/\/secure.gravatar.com\/avatar\/4a857923b487546550539169ba61d16e7910c692fb61fb4681a6882b9bc918c0?s=96&d=mm&r=g","url":"https:\/\/secure.gravatar.com\/avatar\/4a857923b487546550539169ba61d16e7910c692fb61fb4681a6882b9bc918c0?s=96&d=mm&r=g","height":96,"width":96}},"publisher":{"@type":"Organization","name":"prosvetkolemnas.cz","logo":{"@type":"ImageObject","@id":"\/logo.png","url":"\/logo.png","width":600,"height":60}},"image":{"@type":"ImageObject","@id":"https:\/\/www.prosvetkolemnas.cz\/wp-content\/uploads\/byt2_10_10_10_3.jpg","url":"https:\/\/www.prosvetkolemnas.cz\/wp-content\/uploads\/byt2_10_10_10_3.jpg","height":0,"width":0},"url":"https:\/\/www.prosvetkolemnas.cz\/jaky-je-rozdil-mezi-vybavenim-bytu-a-domu\/","about":["Byt a d\u016fm"],"wordCount":438,"articleBody":"Ka\u017ed\u00fd domov, aby se v\u00a0n\u011bm pohodln\u011b \u017eilo, mus\u00ed b\u00fdt dob\u0159e vybaven\u00fd. Ov\u0161em ot\u00e1zka je, jak\u00e9 by ono vybaven\u00ed m\u011blo b\u00fdt. To se toti\u017e m\u016f\u017ee li\u0161it podle n\u011bkolika faktor\u016f, p\u0159i\u010dem\u017e jedn\u00edm z\u00a0nich je tak\u00e9 to, zda bydl\u00edme v\u00a0rodinn\u00e9m dom\u011b nebo v\u00a0byt\u011b. Mnoho lid\u00ed v\u0161ak nev\u00ed, jak se tyto mezi sebou li\u0161\u00ed. Pokud v\u0161ak chceme, aby se n\u00e1m dob\u0159e bydlelo, m\u011bli bychom o t\u011bchto rozd\u00edlech v\u011bd\u011bt.\u00a0\u00a0T\u00edm prvn\u00edm a nejd\u016fle\u017eit\u011bj\u0161\u00edm je samoz\u0159ejm\u011b dostupn\u00fd prostor. Ten bude v\u00a0byt\u011b v\u017edy z\u00e1konit\u011b men\u0161\u00ed. S\u00a0t\u00edm je pot\u0159eba po\u010d\u00edtat, a podle toho tak\u00e9 vyb\u00edrat velikost nap\u0159\u00edklad n\u00e1bytku. Je pot\u0159eba samoz\u0159ejm\u011b vz\u00edt v\u00a0\u00favahu, co v\u0161e budeme pot\u0159ebovat, av\u0161ak je nutn\u00e9 uva\u017eovat rozumn\u011b. Nap\u0159\u00edklad univerz\u00e1ln\u00ed ob\u00fdv\u00e1kov\u00e9 st\u011bny, kter\u00e9 byly d\u0159\u00edve popul\u00e1rn\u00ed, jsou dnes ji\u017e v\u00a0podstat\u011b minulost\u00ed. Je tedy nutn\u00e9 si sk\u0159\u00edn\u011b nakombinovat tak, aby vyhovovaly na\u0161im po\u017eadavk\u016fm a tak\u00e9 do dan\u00e9ho prostoru dob\u0159e zapadly.\u00a0Pak je tu tak\u00e9 celkov\u00fd v\u00fdraz bydli\u0161t\u011b. Ten by se m\u011bl odv\u00edjet od toho, jak d\u016fm vypad\u00e1. Nap\u0159\u00edklad jinak by m\u011bl b\u00fdt za\u0159\u00edzen\u00fd byt v\u00a0modern\u00edm panel\u00e1ku, a jin\u00fd zase ve star\u0161\u00edm, klasick\u00e9m rodinn\u00e9m dom\u011b. Velk\u00fd rozd\u00edl mezi vnit\u0159kem a vn\u011bj\u0161kem by toti\u017e nep\u016fsobil nijak dob\u0159e.\u00a0\u00a0D\u00e1le je tu tak\u00e9 fakt, \u017ee do bytu nevstupujeme zvenku, n\u00fdbr\u017e zevnit\u0159. To se samoz\u0159ejm\u011b odr\u00e1\u017e\u00ed tak\u00e9 v\u00a0tom, jak je za\u0159\u00edzeno vstupn\u00ed m\u00edstnost, a\u0165 u\u017e se jedn\u00e1 o halu \u010di chodbu. V\u00a0t\u00e9 bytov\u00e9 ji\u017e toti\u017e m\u00e1me boty ji\u017e o\u010di\u0161t\u011bn\u00e9, zat\u00edmco v\u00a0domovn\u00ed rovnou vstupujeme dovnit\u0159 s\u00a0botami je\u0161t\u011b neo\u010di\u0161t\u011bn\u00fdmi. Podle toho by tak\u00e9 m\u011bl tento vnit\u0159n\u00ed prostor vypadat.\u00a0Zam\u011b\u0159it se mus\u00edme tak\u00e9 na sv\u011btlo. A to v\u00a0byt\u011b obvykle nem\u00e1me ani zdaleka tak velk\u00e9 v\u00a0byt\u011b, nebo\u0165 zde nem\u00e1me tolik mo\u017enost\u00ed. V\u011bt\u0161inou je toti\u017e otev\u0159en\u00e1 jen na jednu stranu, zat\u00edmco d\u016fm m\u00e1me otev\u0159en na v\u0161echny. S\u00a0t\u00edm souvis\u00ed nap\u0159\u00edklad osv\u011btlen\u00ed. To je toti\u017e pro pohodu a dobr\u00fd \u017eivot d\u016fle\u017eit\u011bj\u0161\u00ed, ne\u017e bychom si mohli myslet. Proto je zamy\u0161len\u00ed nad t\u00edm, jak n\u00e1\u0161 domov vlastn\u011b vybavit, velmi d\u016fle\u017eit\u00e9.                                                                                                                                                                                                                                                                                                                                                                                                "},{"@context":"https:\/\/schema.org\/","@type":"BreadcrumbList","itemListElement":[{"@type":"ListItem","position":1,"name":"Jak\u00fd je rozd\u00edl mezi vybaven\u00edm bytu a domu","item":"https:\/\/www.prosvetkolemnas.cz\/jaky-je-rozdil-mezi-vybavenim-bytu-a-domu\/#breadcrumbitem"}]}]