{"@context":"https:\/\/schema.org\/","@type":"CollectionPage","@id":"https:\/\/www.prosvetkolemnas.cz\/firmy\/#CollectionPage","headline":"Firmy Category","description":"","url":"https:\/\/www.prosvetkolemnas.cz\/firmy\/","hasPart":[{"@type":"Article","@id":"https:\/\/www.prosvetkolemnas.cz\/vlastni-bydleni-v-praze\/","headline":"Vlastn\u00ed bydlen\u00ed v Praze","url":"https:\/\/www.prosvetkolemnas.cz\/vlastni-bydleni-v-praze\/","datePublished":"2025-12-11","dateModified":"2025-12-11","mainEntityOfPage":"https:\/\/www.prosvetkolemnas.cz\/vlastni-bydleni-v-praze\/","author":{"@type":"Person","@id":"https:\/\/www.prosvetkolemnas.cz\/author\/#Person","name":"","url":"https:\/\/www.prosvetkolemnas.cz\/author\/","identifier":1,"image":{"@type":"ImageObject","@id":"https:\/\/secure.gravatar.com\/avatar\/4a857923b487546550539169ba61d16e7910c692fb61fb4681a6882b9bc918c0?s=96&d=mm&r=g","url":"https:\/\/secure.gravatar.com\/avatar\/4a857923b487546550539169ba61d16e7910c692fb61fb4681a6882b9bc918c0?s=96&d=mm&r=g","height":96,"width":96}},"publisher":{"@type":"Organization","name":"prosvetkolemnas.cz","logo":{"@type":"ImageObject","@id":"\/logo.png","url":"\/logo.png","width":600,"height":60}},"image":{"@type":"ImageObject","@id":"https:\/\/www.prosvetkolemnas.cz\/wp-content\/uploads\/sale-3701777_640_1.jpg","url":"https:\/\/www.prosvetkolemnas.cz\/wp-content\/uploads\/sale-3701777_640_1.jpg","height":0,"width":0},"keywords":null},{"@type":"Article","@id":"https:\/\/www.prosvetkolemnas.cz\/jaka-reklama-je-ta-prava\/","headline":"Jak\u00e1 reklama je ta prav\u00e1?","url":"https:\/\/www.prosvetkolemnas.cz\/jaka-reklama-je-ta-prava\/","datePublished":"2025-10-27","dateModified":"2025-10-27","mainEntityOfPage":"https:\/\/www.prosvetkolemnas.cz\/jaka-reklama-je-ta-prava\/","author":{"@type":"Person","@id":"https:\/\/www.prosvetkolemnas.cz\/author\/#Person","name":"","url":"https:\/\/www.prosvetkolemnas.cz\/author\/","identifier":1,"image":{"@type":"ImageObject","@id":"https:\/\/secure.gravatar.com\/avatar\/4a857923b487546550539169ba61d16e7910c692fb61fb4681a6882b9bc918c0?s=96&d=mm&r=g","url":"https:\/\/secure.gravatar.com\/avatar\/4a857923b487546550539169ba61d16e7910c692fb61fb4681a6882b9bc918c0?s=96&d=mm&r=g","height":96,"width":96}},"publisher":{"@type":"Organization","name":"prosvetkolemnas.cz","logo":{"@type":"ImageObject","@id":"\/logo.png","url":"\/logo.png","width":600,"height":60}},"image":{"@type":"ImageObject","@id":"https:\/\/www.prosvetkolemnas.cz\/wp-content\/uploads\/%C5%BE%C5%BE%C5%BE%C5%BE%C5%BE%C5%BE%C5%BE%C5%BE%C5%BE%C5%BE%C5%BE%C5%BE%C5%BE%C5%BE%C5%BE%C5%BE%C5%BE%C5%BE%C5%BE%C5%BE%C5%BE%C5%BE%C5%BE%C5%BE%C5%BE%C5%BE%C5%BE%C5%BE%C5%BE%C5%BE.jpg","url":"https:\/\/www.prosvetkolemnas.cz\/wp-content\/uploads\/%C5%BE%C5%BE%C5%BE%C5%BE%C5%BE%C5%BE%C5%BE%C5%BE%C5%BE%C5%BE%C5%BE%C5%BE%C5%BE%C5%BE%C5%BE%C5%BE%C5%BE%C5%BE%C5%BE%C5%BE%C5%BE%C5%BE%C5%BE%C5%BE%C5%BE%C5%BE%C5%BE%C5%BE%C5%BE%C5%BE.jpg","height":0,"width":0},"keywords":null},{"@type":"Article","@id":"https:\/\/www.prosvetkolemnas.cz\/uklid-rodinneho-domu-pred-nastehovanim\/","headline":"\u00daklid rodinn\u00e9ho domu p\u0159ed nast\u011bhov\u00e1n\u00edm","url":"https:\/\/www.prosvetkolemnas.cz\/uklid-rodinneho-domu-pred-nastehovanim\/","datePublished":"2025-10-17","dateModified":"2025-10-17","mainEntityOfPage":"https:\/\/www.prosvetkolemnas.cz\/uklid-rodinneho-domu-pred-nastehovanim\/","author":{"@type":"Person","@id":"https:\/\/www.prosvetkolemnas.cz\/author\/#Person","name":"","url":"https:\/\/www.prosvetkolemnas.cz\/author\/","identifier":1,"image":{"@type":"ImageObject","@id":"https:\/\/secure.gravatar.com\/avatar\/4a857923b487546550539169ba61d16e7910c692fb61fb4681a6882b9bc918c0?s=96&d=mm&r=g","url":"https:\/\/secure.gravatar.com\/avatar\/4a857923b487546550539169ba61d16e7910c692fb61fb4681a6882b9bc918c0?s=96&d=mm&r=g","height":96,"width":96}},"publisher":{"@type":"Organization","name":"prosvetkolemnas.cz","logo":{"@type":"ImageObject","@id":"\/logo.png","url":"\/logo.png","width":600,"height":60}},"image":{"@type":"ImageObject","@id":"https:\/\/www.prosvetkolemnas.cz\/wp-content\/uploads\/woman-6517037_640_5.jpg","url":"https:\/\/www.prosvetkolemnas.cz\/wp-content\/uploads\/woman-6517037_640_5.jpg","height":0,"width":0},"keywords":null},{"@type":"Article","@id":"https:\/\/www.prosvetkolemnas.cz\/budte-prvni-koho-umela-inteligence-doporuci\/","headline":"Bu\u010fte prvn\u00ed, koho um\u011bl\u00e1 inteligence doporu\u010d\u00ed","url":"https:\/\/www.prosvetkolemnas.cz\/budte-prvni-koho-umela-inteligence-doporuci\/","datePublished":"2025-10-06","dateModified":"2025-10-06","mainEntityOfPage":"https:\/\/www.prosvetkolemnas.cz\/budte-prvni-koho-umela-inteligence-doporuci\/","author":{"@type":"Person","@id":"https:\/\/www.prosvetkolemnas.cz\/author\/#Person","name":"","url":"https:\/\/www.prosvetkolemnas.cz\/author\/","identifier":1,"image":{"@type":"ImageObject","@id":"https:\/\/secure.gravatar.com\/avatar\/4a857923b487546550539169ba61d16e7910c692fb61fb4681a6882b9bc918c0?s=96&d=mm&r=g","url":"https:\/\/secure.gravatar.com\/avatar\/4a857923b487546550539169ba61d16e7910c692fb61fb4681a6882b9bc918c0?s=96&d=mm&r=g","height":96,"width":96}},"publisher":{"@type":"Organization","name":"prosvetkolemnas.cz","logo":{"@type":"ImageObject","@id":"\/logo.png","url":"\/logo.png","width":600,"height":60}},"image":{"@type":"ImageObject","@id":"https:\/\/www.prosvetkolemnas.cz\/wp-content\/uploads\/macbook-459196_1280_8.jpg","url":"https:\/\/www.prosvetkolemnas.cz\/wp-content\/uploads\/macbook-459196_1280_8.jpg","height":0,"width":0},"keywords":null},{"@type":"Article","@id":"https:\/\/www.prosvetkolemnas.cz\/jsme-majiteli-auta\/","headline":"Jsme majiteli auta","url":"https:\/\/www.prosvetkolemnas.cz\/jsme-majiteli-auta\/","datePublished":"2025-09-21","dateModified":"2025-09-21","mainEntityOfPage":"https:\/\/www.prosvetkolemnas.cz\/jsme-majiteli-auta\/","author":{"@type":"Person","@id":"https:\/\/www.prosvetkolemnas.cz\/author\/#Person","name":"","url":"https:\/\/www.prosvetkolemnas.cz\/author\/","identifier":1,"image":{"@type":"ImageObject","@id":"https:\/\/secure.gravatar.com\/avatar\/4a857923b487546550539169ba61d16e7910c692fb61fb4681a6882b9bc918c0?s=96&d=mm&r=g","url":"https:\/\/secure.gravatar.com\/avatar\/4a857923b487546550539169ba61d16e7910c692fb61fb4681a6882b9bc918c0?s=96&d=mm&r=g","height":96,"width":96}},"publisher":{"@type":"Organization","name":"prosvetkolemnas.cz","logo":{"@type":"ImageObject","@id":"\/logo.png","url":"\/logo.png","width":600,"height":60}},"image":{"@type":"ImageObject","@id":"https:\/\/www.prosvetkolemnas.cz\/wp-content\/uploads\/pexels-lynxexotics-27985143.jpg","url":"https:\/\/www.prosvetkolemnas.cz\/wp-content\/uploads\/pexels-lynxexotics-27985143.jpg","height":0,"width":0},"keywords":null},{"@type":"Article","@id":"https:\/\/www.prosvetkolemnas.cz\/spolecnost-hro-technology-se-zabyva-vstrikovanim-termoplastu-do-tvarovych-forem-a-striznymi-nastroji\/","headline":"Spole\u010dnost HRO TECHNOLOGY se zab\u00fdv\u00e1 vst\u0159ikov\u00e1n\u00edm termoplast\u016f do tvarov\u00fdch forem a st\u0159i\u017en\u00fdmi n\u00e1stroji","url":"https:\/\/www.prosvetkolemnas.cz\/spolecnost-hro-technology-se-zabyva-vstrikovanim-termoplastu-do-tvarovych-forem-a-striznymi-nastroji\/","datePublished":"2025-09-17","dateModified":"2025-09-17","mainEntityOfPage":"https:\/\/www.prosvetkolemnas.cz\/spolecnost-hro-technology-se-zabyva-vstrikovanim-termoplastu-do-tvarovych-forem-a-striznymi-nastroji\/","author":{"@type":"Person","@id":"https:\/\/www.prosvetkolemnas.cz\/author\/#Person","name":"","url":"https:\/\/www.prosvetkolemnas.cz\/author\/","identifier":1,"image":{"@type":"ImageObject","@id":"https:\/\/secure.gravatar.com\/avatar\/4a857923b487546550539169ba61d16e7910c692fb61fb4681a6882b9bc918c0?s=96&d=mm&r=g","url":"https:\/\/secure.gravatar.com\/avatar\/4a857923b487546550539169ba61d16e7910c692fb61fb4681a6882b9bc918c0?s=96&d=mm&r=g","height":96,"width":96}},"publisher":{"@type":"Organization","name":"prosvetkolemnas.cz","logo":{"@type":"ImageObject","@id":"\/logo.png","url":"\/logo.png","width":600,"height":60}},"image":{"@type":"ImageObject","@id":"https:\/\/www.prosvetkolemnas.cz\/wp-content\/uploads\/kitchen-874805_640_7.jpg","url":"https:\/\/www.prosvetkolemnas.cz\/wp-content\/uploads\/kitchen-874805_640_7.jpg","height":0,"width":0},"keywords":null},{"@type":"Article","@id":"https:\/\/www.prosvetkolemnas.cz\/odstehujte-se-bez-zadrhelu\/","headline":"Odst\u011bhujte se bez z\u00e1drhel\u016f","url":"https:\/\/www.prosvetkolemnas.cz\/odstehujte-se-bez-zadrhelu\/","datePublished":"2025-09-14","dateModified":"2025-09-14","mainEntityOfPage":"https:\/\/www.prosvetkolemnas.cz\/odstehujte-se-bez-zadrhelu\/","author":{"@type":"Person","@id":"https:\/\/www.prosvetkolemnas.cz\/author\/#Person","name":"","url":"https:\/\/www.prosvetkolemnas.cz\/author\/","identifier":1,"image":{"@type":"ImageObject","@id":"https:\/\/secure.gravatar.com\/avatar\/4a857923b487546550539169ba61d16e7910c692fb61fb4681a6882b9bc918c0?s=96&d=mm&r=g","url":"https:\/\/secure.gravatar.com\/avatar\/4a857923b487546550539169ba61d16e7910c692fb61fb4681a6882b9bc918c0?s=96&d=mm&r=g","height":96,"width":96}},"publisher":{"@type":"Organization","name":"prosvetkolemnas.cz","logo":{"@type":"ImageObject","@id":"\/logo.png","url":"\/logo.png","width":600,"height":60}},"image":{"@type":"ImageObject","@id":"https:\/\/www.prosvetkolemnas.cz\/wp-content\/uploads\/handiwork-nyc-x6pnKtPZ-8s-unsplash_7.jpg","url":"https:\/\/www.prosvetkolemnas.cz\/wp-content\/uploads\/handiwork-nyc-x6pnKtPZ-8s-unsplash_7.jpg","height":0,"width":0},"keywords":null},{"@type":"Article","@id":"https:\/\/www.prosvetkolemnas.cz\/kdyz-vuz-neni-dokonaly\/","headline":"Kdy\u017e v\u016fz nen\u00ed dokonal\u00fd","url":"https:\/\/www.prosvetkolemnas.cz\/kdyz-vuz-neni-dokonaly\/","datePublished":"2025-09-13","dateModified":"2025-09-13","mainEntityOfPage":"https:\/\/www.prosvetkolemnas.cz\/kdyz-vuz-neni-dokonaly\/","author":{"@type":"Person","@id":"https:\/\/www.prosvetkolemnas.cz\/author\/#Person","name":"","url":"https:\/\/www.prosvetkolemnas.cz\/author\/","identifier":1,"image":{"@type":"ImageObject","@id":"https:\/\/secure.gravatar.com\/avatar\/4a857923b487546550539169ba61d16e7910c692fb61fb4681a6882b9bc918c0?s=96&d=mm&r=g","url":"https:\/\/secure.gravatar.com\/avatar\/4a857923b487546550539169ba61d16e7910c692fb61fb4681a6882b9bc918c0?s=96&d=mm&r=g","height":96,"width":96}},"publisher":{"@type":"Organization","name":"prosvetkolemnas.cz","logo":{"@type":"ImageObject","@id":"\/logo.png","url":"\/logo.png","width":600,"height":60}},"image":{"@type":"ImageObject","@id":"https:\/\/www.prosvetkolemnas.cz\/wp-content\/uploads\/mm_10_10_10_10_6.jpg","url":"https:\/\/www.prosvetkolemnas.cz\/wp-content\/uploads\/mm_10_10_10_10_6.jpg","height":0,"width":0},"keywords":null},{"@type":"Article","@id":"https:\/\/www.prosvetkolemnas.cz\/pece-o-spolecne-bydleni\/","headline":"P\u00e9\u010de o spole\u010dn\u00e9 bydlen\u00ed","url":"https:\/\/www.prosvetkolemnas.cz\/pece-o-spolecne-bydleni\/","datePublished":"2025-09-09","dateModified":"2025-09-09","mainEntityOfPage":"https:\/\/www.prosvetkolemnas.cz\/pece-o-spolecne-bydleni\/","author":{"@type":"Person","@id":"https:\/\/www.prosvetkolemnas.cz\/author\/#Person","name":"","url":"https:\/\/www.prosvetkolemnas.cz\/author\/","identifier":1,"image":{"@type":"ImageObject","@id":"https:\/\/secure.gravatar.com\/avatar\/4a857923b487546550539169ba61d16e7910c692fb61fb4681a6882b9bc918c0?s=96&d=mm&r=g","url":"https:\/\/secure.gravatar.com\/avatar\/4a857923b487546550539169ba61d16e7910c692fb61fb4681a6882b9bc918c0?s=96&d=mm&r=g","height":96,"width":96}},"publisher":{"@type":"Organization","name":"prosvetkolemnas.cz","logo":{"@type":"ImageObject","@id":"\/logo.png","url":"\/logo.png","width":600,"height":60}},"image":{"@type":"ImageObject","@id":"https:\/\/www.prosvetkolemnas.cz\/wp-content\/uploads\/nyc-7710506_640_7.jpg","url":"https:\/\/www.prosvetkolemnas.cz\/wp-content\/uploads\/nyc-7710506_640_7.jpg","height":0,"width":0},"keywords":null},{"@type":"Article","@id":"https:\/\/www.prosvetkolemnas.cz\/jak-skoncovat-se-stenicemi\/","headline":"Jak skoncovat se \u0161t\u011bnicemi?","url":"https:\/\/www.prosvetkolemnas.cz\/jak-skoncovat-se-stenicemi\/","datePublished":"2025-09-07","dateModified":"2025-09-07","mainEntityOfPage":"https:\/\/www.prosvetkolemnas.cz\/jak-skoncovat-se-stenicemi\/","author":{"@type":"Person","@id":"https:\/\/www.prosvetkolemnas.cz\/author\/#Person","name":"","url":"https:\/\/www.prosvetkolemnas.cz\/author\/","identifier":1,"image":{"@type":"ImageObject","@id":"https:\/\/secure.gravatar.com\/avatar\/4a857923b487546550539169ba61d16e7910c692fb61fb4681a6882b9bc918c0?s=96&d=mm&r=g","url":"https:\/\/secure.gravatar.com\/avatar\/4a857923b487546550539169ba61d16e7910c692fb61fb4681a6882b9bc918c0?s=96&d=mm&r=g","height":96,"width":96}},"publisher":{"@type":"Organization","name":"prosvetkolemnas.cz","logo":{"@type":"ImageObject","@id":"\/logo.png","url":"\/logo.png","width":600,"height":60}},"image":{"@type":"ImageObject","@id":"https:\/\/www.prosvetkolemnas.cz\/wp-content\/uploads\/%C5%A1_10_9.jpg","url":"https:\/\/www.prosvetkolemnas.cz\/wp-content\/uploads\/%C5%A1_10_9.jpg","height":0,"width":0},"keywords":null}]}