[{"@context":"https:\/\/schema.org\/","@type":"Article","@id":"https:\/\/www.prosvetkolemnas.cz\/dum-v-italii\/#Article","mainEntityOfPage":"https:\/\/www.prosvetkolemnas.cz\/dum-v-italii\/","headline":"D\u016fm v It\u00e1lii","name":"D\u016fm v It\u00e1lii","description":"Kdybyste si mohli vybrat, tak kde byste cht\u011bli \u017e\u00edt? V\u00a0mal\u00e9m byt\u011b anebo ve velk\u00e9m prostorn\u00e9m dom\u011b? Je opravdu mnoho mo\u017enost\u00ed, jak vy m\u016f\u017eete bydlet, ale tak\u00e9 z\u00e1le\u017e\u00ed na tom, jak to chce\u00a0t\u0159eba va\u0161e rodina, proto\u017ee zn\u00e1m n\u011bkter\u00e9 rodiny, kter\u00e9\u00a0se t\u0159eba <a href=\"https:\/\/www.prosvetkolemnas.cz\/dum-v-italii\/\" class=\"read-more\">Read More<\/a>","datePublished":"2023-07-23","dateModified":"2023-07-23","author":{"@type":"Person","@id":"https:\/\/www.prosvetkolemnas.cz\/author\/#Person","name":"","url":"https:\/\/www.prosvetkolemnas.cz\/author\/","identifier":1,"image":{"@type":"ImageObject","@id":"https:\/\/secure.gravatar.com\/avatar\/4a857923b487546550539169ba61d16e7910c692fb61fb4681a6882b9bc918c0?s=96&d=mm&r=g","url":"https:\/\/secure.gravatar.com\/avatar\/4a857923b487546550539169ba61d16e7910c692fb61fb4681a6882b9bc918c0?s=96&d=mm&r=g","height":96,"width":96}},"publisher":{"@type":"Organization","name":"prosvetkolemnas.cz","logo":{"@type":"ImageObject","@id":"\/logo.png","url":"\/logo.png","width":600,"height":60}},"image":{"@type":"ImageObject","@id":"https:\/\/www.prosvetkolemnas.cz\/wp-content\/uploads\/house-7313645_1280_1.jpg","url":"https:\/\/www.prosvetkolemnas.cz\/wp-content\/uploads\/house-7313645_1280_1.jpg","height":0,"width":0},"url":"https:\/\/www.prosvetkolemnas.cz\/dum-v-italii\/","about":["Byt a d\u016fm"],"wordCount":426,"articleBody":"Kdybyste si mohli vybrat, tak kde byste cht\u011bli \u017e\u00edt? V\u00a0mal\u00e9m byt\u011b anebo ve velk\u00e9m prostorn\u00e9m dom\u011b? Je opravdu mnoho mo\u017enost\u00ed, jak vy m\u016f\u017eete bydlet, ale tak\u00e9 z\u00e1le\u017e\u00ed na tom, jak to chce\u00a0t\u0159eba va\u0161e rodina, proto\u017ee zn\u00e1m n\u011bkter\u00e9 rodiny, kter\u00e9\u00a0se t\u0159eba h\u00e1daj\u00ed, \u017ee n\u011bkdo chce bydlet tam a n\u011bkdo zase tam. A\u00a0tak\u00e9 se t\u0159eba n\u011bkdo h\u00e1d\u00e1, \u017ee chce bydlet v tomhle m\u011bst\u011b nebo v tom jin\u00e9m m\u011bst\u011b. Anebo dokonce tak\u00e9 na vesnici. Tak\u00e9 moje kamar\u00e1dka se\u00a0dokonce\u00a0u\u017e poh\u00e1dala se sv\u00fdm partnerem, proto\u017ee kdysi si oba\u00a0sl\u00edbili, \u017ee p\u016fjdou bydlet do It\u00e1lie. Pr\u00fd budou je\u0161t\u011b p\u011bt \u0161est\u00a0let v \u010cesku a potom po \u0161esti\u00a0letech p\u016fjdou t\u0159eba\u00a0do It\u00e1lie. Jenom\u017ee pozd\u011bji, kdy\u017e u\u017e se m\u011blo chystat k tomu odjezdu, tak kamar\u00e1dka \u0159ekla, \u017ee vlastn\u011b do It\u00e1lie nechce, \u017ee kdy\u017e se jej\u00ed dv\u011b\u00a0d\u011bti narodily vlastn\u011b tady v \u010cesk\u00e9 republice, \u017ee chce z\u016fstat tady. S partnerem se potom tedy opravdu hodn\u011b rozh\u00e1dali. M\u011bli mal\u00fd byt, byl v jejich vlastnictv\u00ed, m\u011bli ho na hypot\u00e9ku a u\u017e to bylo d\u00e1vno splacen\u00e9. Tak\u017ee bylo zase skv\u011bl\u00e9, \u017ee kdy\u017e se roze\u0161li, \u017ee mohli prodat byt. Samoz\u0159ejm\u011b, \u017ee to moji kamar\u00e1dku mrzelo, \u017ee se museli rozej\u00edt, ale moje kamar\u00e1dka to takhle prost\u011b c\u00edtila. Moje kamar\u00e1dka \u0159\u00edkala, \u017ee jednozna\u010dn\u011b u\u017e se st\u011bhovat nikam nechce. Je zvykl\u00e1 v \u010cesk\u00e9 republice. A i\u00a0kdy\u017e v\u00ed, \u017ee si to sl\u00edbili, \u017ee p\u016fjdou bydlet n\u011bkam jinam, tak nakonec moje kamar\u00e1dka ne\u0161la. A v\u00edte, co se stalo s jej\u00edm partnerem? Samoz\u0159ejm\u011b, \u017ee on ode\u0161el do It\u00e1lie bydlet a tam si pr\u00fd na\u0161el asi po p\u016fl roce partnerku. M\u011bl tam pr\u00e1ci a pr\u00fd se m\u00e1 opravdu velice dob\u0159e. V It\u00e1lii si pr\u00fd na\u0161el\u00a0dokonce mal\u00fd dome\u010dek. Mal\u00fd dome\u010dek n\u011bkde uprost\u0159ed m\u011bsta v It\u00e1lii. Mysl\u00edm si, \u017ee tohle je tak\u00e9 docela dobr\u00e9. Tady je opravdu hodn\u011b lid\u00ed, kte\u0159\u00ed od n\u00e1s z republiky odch\u00e1zej\u00ed n\u011bkam do ciziny. Bu\u010f u\u017e z pohodl\u00ed a relaxace, \u017ee jim tam je l\u00e9pe anebo tak\u00e9 kv\u016fli zam\u011bstn\u00e1n\u00ed. V dne\u0161n\u00ed dob\u011b je to \u00fapln\u011b norm\u00e1ln\u00ed, \u017ee lid\u00e9 se za prac\u00ed st\u011bhuj\u00ed do ciziny.\u00a0                                                                                                                                                                                                                                                                                                                                                                                                "},{"@context":"https:\/\/schema.org\/","@type":"BreadcrumbList","itemListElement":[{"@type":"ListItem","position":1,"name":"D\u016fm v It\u00e1lii","item":"https:\/\/www.prosvetkolemnas.cz\/dum-v-italii\/#breadcrumbitem"}]}]