{"@context":"https:\/\/schema.org\/","@type":"CollectionPage","@id":"https:\/\/www.prosvetkolemnas.cz\/byt-a-dum\/#CollectionPage","headline":"Byt a d\u016fm Category","description":"","url":"https:\/\/www.prosvetkolemnas.cz\/byt-a-dum\/","hasPart":[{"@type":"Article","@id":"https:\/\/www.prosvetkolemnas.cz\/rekonstrukce-ma-mnoho-podob\/","headline":"Rekonstrukce m\u00e1 mnoho podob","url":"https:\/\/www.prosvetkolemnas.cz\/rekonstrukce-ma-mnoho-podob\/","datePublished":"2025-09-06","dateModified":"2025-09-06","mainEntityOfPage":"https:\/\/www.prosvetkolemnas.cz\/rekonstrukce-ma-mnoho-podob\/","author":{"@type":"Person","@id":"https:\/\/www.prosvetkolemnas.cz\/author\/#Person","name":"","url":"https:\/\/www.prosvetkolemnas.cz\/author\/","identifier":1,"image":{"@type":"ImageObject","@id":"https:\/\/secure.gravatar.com\/avatar\/4a857923b487546550539169ba61d16e7910c692fb61fb4681a6882b9bc918c0?s=96&d=mm&r=g","url":"https:\/\/secure.gravatar.com\/avatar\/4a857923b487546550539169ba61d16e7910c692fb61fb4681a6882b9bc918c0?s=96&d=mm&r=g","height":96,"width":96}},"publisher":{"@type":"Organization","name":"prosvetkolemnas.cz","logo":{"@type":"ImageObject","@id":"\/logo.png","url":"\/logo.png","width":600,"height":60}},"image":{"@type":"ImageObject","@id":"https:\/\/www.prosvetkolemnas.cz\/wp-content\/uploads\/pexels-shawlw-804392.jpg","url":"https:\/\/www.prosvetkolemnas.cz\/wp-content\/uploads\/pexels-shawlw-804392.jpg","height":0,"width":0},"keywords":null},{"@type":"Article","@id":"https:\/\/www.prosvetkolemnas.cz\/dum-a-zvirata\/","headline":"D\u016fm a zv\u00ed\u0159ata","url":"https:\/\/www.prosvetkolemnas.cz\/dum-a-zvirata\/","datePublished":"2024-09-30","dateModified":"2024-09-30","mainEntityOfPage":"https:\/\/www.prosvetkolemnas.cz\/dum-a-zvirata\/","author":{"@type":"Person","@id":"https:\/\/www.prosvetkolemnas.cz\/author\/#Person","name":"","url":"https:\/\/www.prosvetkolemnas.cz\/author\/","identifier":1,"image":{"@type":"ImageObject","@id":"https:\/\/secure.gravatar.com\/avatar\/4a857923b487546550539169ba61d16e7910c692fb61fb4681a6882b9bc918c0?s=96&d=mm&r=g","url":"https:\/\/secure.gravatar.com\/avatar\/4a857923b487546550539169ba61d16e7910c692fb61fb4681a6882b9bc918c0?s=96&d=mm&r=g","height":96,"width":96}},"publisher":{"@type":"Organization","name":"prosvetkolemnas.cz","logo":{"@type":"ImageObject","@id":"\/logo.png","url":"\/logo.png","width":600,"height":60}},"image":{"@type":"ImageObject","@id":"https:\/\/www.prosvetkolemnas.cz\/wp-content\/uploads\/leather-couch-2629227_960_720.jpg","url":"https:\/\/www.prosvetkolemnas.cz\/wp-content\/uploads\/leather-couch-2629227_960_720.jpg","height":0,"width":0},"keywords":null},{"@type":"Article","@id":"https:\/\/www.prosvetkolemnas.cz\/velky-byt\/","headline":"Velk\u00fd byt","url":"https:\/\/www.prosvetkolemnas.cz\/velky-byt\/","datePublished":"2024-09-30","dateModified":"2024-09-30","mainEntityOfPage":"https:\/\/www.prosvetkolemnas.cz\/velky-byt\/","author":{"@type":"Person","@id":"https:\/\/www.prosvetkolemnas.cz\/author\/#Person","name":"","url":"https:\/\/www.prosvetkolemnas.cz\/author\/","identifier":1,"image":{"@type":"ImageObject","@id":"https:\/\/secure.gravatar.com\/avatar\/4a857923b487546550539169ba61d16e7910c692fb61fb4681a6882b9bc918c0?s=96&d=mm&r=g","url":"https:\/\/secure.gravatar.com\/avatar\/4a857923b487546550539169ba61d16e7910c692fb61fb4681a6882b9bc918c0?s=96&d=mm&r=g","height":96,"width":96}},"publisher":{"@type":"Organization","name":"prosvetkolemnas.cz","logo":{"@type":"ImageObject","@id":"\/logo.png","url":"\/logo.png","width":600,"height":60}},"image":{"@type":"ImageObject","@id":"https:\/\/www.prosvetkolemnas.cz\/wp-content\/uploads\/house-540796_1280_5.jpg","url":"https:\/\/www.prosvetkolemnas.cz\/wp-content\/uploads\/house-540796_1280_5.jpg","height":0,"width":0},"keywords":null},{"@type":"Article","@id":"https:\/\/www.prosvetkolemnas.cz\/schvalena-hypoteka\/","headline":"Schv\u00e1len\u00e1 hypot\u00e9ka","url":"https:\/\/www.prosvetkolemnas.cz\/schvalena-hypoteka\/","datePublished":"2024-09-30","dateModified":"2024-09-30","mainEntityOfPage":"https:\/\/www.prosvetkolemnas.cz\/schvalena-hypoteka\/","author":{"@type":"Person","@id":"https:\/\/www.prosvetkolemnas.cz\/author\/#Person","name":"","url":"https:\/\/www.prosvetkolemnas.cz\/author\/","identifier":1,"image":{"@type":"ImageObject","@id":"https:\/\/secure.gravatar.com\/avatar\/4a857923b487546550539169ba61d16e7910c692fb61fb4681a6882b9bc918c0?s=96&d=mm&r=g","url":"https:\/\/secure.gravatar.com\/avatar\/4a857923b487546550539169ba61d16e7910c692fb61fb4681a6882b9bc918c0?s=96&d=mm&r=g","height":96,"width":96}},"publisher":{"@type":"Organization","name":"prosvetkolemnas.cz","logo":{"@type":"ImageObject","@id":"\/logo.png","url":"\/logo.png","width":600,"height":60}},"image":{"@type":"ImageObject","@id":"https:\/\/www.prosvetkolemnas.cz\/wp-content\/uploads\/building-3794133_1280.jpg","url":"https:\/\/www.prosvetkolemnas.cz\/wp-content\/uploads\/building-3794133_1280.jpg","height":0,"width":0},"keywords":null},{"@type":"Article","@id":"https:\/\/www.prosvetkolemnas.cz\/maly-velky-byt\/","headline":"Mal\u00fd velk\u00fd byt","url":"https:\/\/www.prosvetkolemnas.cz\/maly-velky-byt\/","datePublished":"2024-09-27","dateModified":"2024-09-27","mainEntityOfPage":"https:\/\/www.prosvetkolemnas.cz\/maly-velky-byt\/","author":{"@type":"Person","@id":"https:\/\/www.prosvetkolemnas.cz\/author\/#Person","name":"","url":"https:\/\/www.prosvetkolemnas.cz\/author\/","identifier":1,"image":{"@type":"ImageObject","@id":"https:\/\/secure.gravatar.com\/avatar\/4a857923b487546550539169ba61d16e7910c692fb61fb4681a6882b9bc918c0?s=96&d=mm&r=g","url":"https:\/\/secure.gravatar.com\/avatar\/4a857923b487546550539169ba61d16e7910c692fb61fb4681a6882b9bc918c0?s=96&d=mm&r=g","height":96,"width":96}},"publisher":{"@type":"Organization","name":"prosvetkolemnas.cz","logo":{"@type":"ImageObject","@id":"\/logo.png","url":"\/logo.png","width":600,"height":60}},"image":{"@type":"ImageObject","@id":"https:\/\/www.prosvetkolemnas.cz\/wp-content\/uploads\/working-791849_960_720_1.jpg","url":"https:\/\/www.prosvetkolemnas.cz\/wp-content\/uploads\/working-791849_960_720_1.jpg","height":0,"width":0},"keywords":null},{"@type":"Article","@id":"https:\/\/www.prosvetkolemnas.cz\/zkuste-si-vyrobit-adventni-venec\/","headline":"Zkuste si vyrobit adventn\u00ed v\u011bnec","url":"https:\/\/www.prosvetkolemnas.cz\/zkuste-si-vyrobit-adventni-venec\/","datePublished":"2024-07-27","dateModified":"2024-07-27","mainEntityOfPage":"https:\/\/www.prosvetkolemnas.cz\/zkuste-si-vyrobit-adventni-venec\/","author":{"@type":"Person","@id":"https:\/\/www.prosvetkolemnas.cz\/author\/#Person","name":"","url":"https:\/\/www.prosvetkolemnas.cz\/author\/","identifier":1,"image":{"@type":"ImageObject","@id":"https:\/\/secure.gravatar.com\/avatar\/4a857923b487546550539169ba61d16e7910c692fb61fb4681a6882b9bc918c0?s=96&d=mm&r=g","url":"https:\/\/secure.gravatar.com\/avatar\/4a857923b487546550539169ba61d16e7910c692fb61fb4681a6882b9bc918c0?s=96&d=mm&r=g","height":96,"width":96}},"publisher":{"@type":"Organization","name":"prosvetkolemnas.cz","logo":{"@type":"ImageObject","@id":"\/logo.png","url":"\/logo.png","width":600,"height":60}},"image":{"@type":"ImageObject","@id":"https:\/\/www.prosvetkolemnas.cz\/wp-content\/uploads\/advent-5912433_640.jpg","url":"https:\/\/www.prosvetkolemnas.cz\/wp-content\/uploads\/advent-5912433_640.jpg","height":0,"width":0},"keywords":null},{"@type":"Article","@id":"https:\/\/www.prosvetkolemnas.cz\/byty-a-domy-v-moravskoslezskem-kraji\/","headline":"Byty a domy v Moravskoslezsk\u00e9m kraji","url":"https:\/\/www.prosvetkolemnas.cz\/byty-a-domy-v-moravskoslezskem-kraji\/","datePublished":"2024-04-28","dateModified":"2024-04-28","mainEntityOfPage":"https:\/\/www.prosvetkolemnas.cz\/byty-a-domy-v-moravskoslezskem-kraji\/","author":{"@type":"Person","@id":"https:\/\/www.prosvetkolemnas.cz\/author\/#Person","name":"","url":"https:\/\/www.prosvetkolemnas.cz\/author\/","identifier":1,"image":{"@type":"ImageObject","@id":"https:\/\/secure.gravatar.com\/avatar\/4a857923b487546550539169ba61d16e7910c692fb61fb4681a6882b9bc918c0?s=96&d=mm&r=g","url":"https:\/\/secure.gravatar.com\/avatar\/4a857923b487546550539169ba61d16e7910c692fb61fb4681a6882b9bc918c0?s=96&d=mm&r=g","height":96,"width":96}},"publisher":{"@type":"Organization","name":"prosvetkolemnas.cz","logo":{"@type":"ImageObject","@id":"\/logo.png","url":"\/logo.png","width":600,"height":60}},"image":{"@type":"ImageObject","@id":"https:\/\/www.prosvetkolemnas.cz\/wp-content\/uploads\/dining-room-3108037_640_10_3.jpg","url":"https:\/\/www.prosvetkolemnas.cz\/wp-content\/uploads\/dining-room-3108037_640_10_3.jpg","height":0,"width":0},"keywords":null},{"@type":"Article","@id":"https:\/\/www.prosvetkolemnas.cz\/co-kdyz-je-na-nemovitost-vice-zajemcu\/","headline":"Co kdy\u017e je na nemovitost v\u00edce z\u00e1jemc\u016f","url":"https:\/\/www.prosvetkolemnas.cz\/co-kdyz-je-na-nemovitost-vice-zajemcu\/","datePublished":"2024-04-27","dateModified":"2024-04-27","mainEntityOfPage":"https:\/\/www.prosvetkolemnas.cz\/co-kdyz-je-na-nemovitost-vice-zajemcu\/","author":{"@type":"Person","@id":"https:\/\/www.prosvetkolemnas.cz\/author\/#Person","name":"","url":"https:\/\/www.prosvetkolemnas.cz\/author\/","identifier":1,"image":{"@type":"ImageObject","@id":"https:\/\/secure.gravatar.com\/avatar\/4a857923b487546550539169ba61d16e7910c692fb61fb4681a6882b9bc918c0?s=96&d=mm&r=g","url":"https:\/\/secure.gravatar.com\/avatar\/4a857923b487546550539169ba61d16e7910c692fb61fb4681a6882b9bc918c0?s=96&d=mm&r=g","height":96,"width":96}},"publisher":{"@type":"Organization","name":"prosvetkolemnas.cz","logo":{"@type":"ImageObject","@id":"\/logo.png","url":"\/logo.png","width":600,"height":60}},"image":{"@type":"ImageObject","@id":"https:\/\/www.prosvetkolemnas.cz\/wp-content\/uploads\/hypoteka5_10_10_10_10_10_10_10_10_9.jpg","url":"https:\/\/www.prosvetkolemnas.cz\/wp-content\/uploads\/hypoteka5_10_10_10_10_10_10_10_10_9.jpg","height":0,"width":0},"keywords":null},{"@type":"Article","@id":"https:\/\/www.prosvetkolemnas.cz\/prostorne-bydleni\/","headline":"Prostorn\u00e9 bydlen\u00ed","url":"https:\/\/www.prosvetkolemnas.cz\/prostorne-bydleni\/","datePublished":"2023-11-30","dateModified":"2023-11-30","mainEntityOfPage":"https:\/\/www.prosvetkolemnas.cz\/prostorne-bydleni\/","author":{"@type":"Person","@id":"https:\/\/www.prosvetkolemnas.cz\/author\/#Person","name":"","url":"https:\/\/www.prosvetkolemnas.cz\/author\/","identifier":1,"image":{"@type":"ImageObject","@id":"https:\/\/secure.gravatar.com\/avatar\/4a857923b487546550539169ba61d16e7910c692fb61fb4681a6882b9bc918c0?s=96&d=mm&r=g","url":"https:\/\/secure.gravatar.com\/avatar\/4a857923b487546550539169ba61d16e7910c692fb61fb4681a6882b9bc918c0?s=96&d=mm&r=g","height":96,"width":96}},"publisher":{"@type":"Organization","name":"prosvetkolemnas.cz","logo":{"@type":"ImageObject","@id":"\/logo.png","url":"\/logo.png","width":600,"height":60}},"image":{"@type":"ImageObject","@id":"https:\/\/www.prosvetkolemnas.cz\/wp-content\/uploads\/home-1697132_1280.jpg","url":"https:\/\/www.prosvetkolemnas.cz\/wp-content\/uploads\/home-1697132_1280.jpg","height":0,"width":0},"keywords":null},{"@type":"Article","@id":"https:\/\/www.prosvetkolemnas.cz\/jaky-je-rozdil-mezi-vybavenim-bytu-a-domu\/","headline":"Jak\u00fd je rozd\u00edl mezi vybaven\u00edm bytu a domu","url":"https:\/\/www.prosvetkolemnas.cz\/jaky-je-rozdil-mezi-vybavenim-bytu-a-domu\/","datePublished":"2023-11-23","dateModified":"2023-11-23","mainEntityOfPage":"https:\/\/www.prosvetkolemnas.cz\/jaky-je-rozdil-mezi-vybavenim-bytu-a-domu\/","author":{"@type":"Person","@id":"https:\/\/www.prosvetkolemnas.cz\/author\/#Person","name":"","url":"https:\/\/www.prosvetkolemnas.cz\/author\/","identifier":1,"image":{"@type":"ImageObject","@id":"https:\/\/secure.gravatar.com\/avatar\/4a857923b487546550539169ba61d16e7910c692fb61fb4681a6882b9bc918c0?s=96&d=mm&r=g","url":"https:\/\/secure.gravatar.com\/avatar\/4a857923b487546550539169ba61d16e7910c692fb61fb4681a6882b9bc918c0?s=96&d=mm&r=g","height":96,"width":96}},"publisher":{"@type":"Organization","name":"prosvetkolemnas.cz","logo":{"@type":"ImageObject","@id":"\/logo.png","url":"\/logo.png","width":600,"height":60}},"image":{"@type":"ImageObject","@id":"https:\/\/www.prosvetkolemnas.cz\/wp-content\/uploads\/byt2_10_10_10_3.jpg","url":"https:\/\/www.prosvetkolemnas.cz\/wp-content\/uploads\/byt2_10_10_10_3.jpg","height":0,"width":0},"keywords":null}]}