[{"@context":"https:\/\/schema.org\/","@type":"Blog","@id":"https:\/\/www.prosvetkolemnas.cz#Blog","headline":" Prosvetkolemnas","description":"","url":"https:\/\/www.prosvetkolemnas.cz","hasPart":[{"@type":"Article","@id":"https:\/\/www.prosvetkolemnas.cz\/piskovany-pullitr-nemusi-slouzit-jen-pro-pivo\/","headline":"P\u00edskovan\u00fd p\u016fllitr nemus\u00ed slou\u017eit jen pro pivo","url":"https:\/\/www.prosvetkolemnas.cz\/piskovany-pullitr-nemusi-slouzit-jen-pro-pivo\/","datePublished":"2026-01-12","dateModified":"2026-01-12","mainEntityOfPage":"https:\/\/www.prosvetkolemnas.cz\/piskovany-pullitr-nemusi-slouzit-jen-pro-pivo\/","author":{"@type":"Person","@id":"https:\/\/www.prosvetkolemnas.cz\/author\/#Person","name":"","url":"https:\/\/www.prosvetkolemnas.cz\/author\/","identifier":1,"image":{"@type":"ImageObject","@id":"https:\/\/secure.gravatar.com\/avatar\/4a857923b487546550539169ba61d16e7910c692fb61fb4681a6882b9bc918c0?s=96&d=mm&r=g","url":"https:\/\/secure.gravatar.com\/avatar\/4a857923b487546550539169ba61d16e7910c692fb61fb4681a6882b9bc918c0?s=96&d=mm&r=g","height":96,"width":96}},"publisher":{"@type":"Organization","name":"prosvetkolemnas.cz","logo":{"@type":"ImageObject","@id":"\/logo.png","url":"\/logo.png","width":600,"height":60}},"image":{"@type":"ImageObject","@id":"https:\/\/www.prosvetkolemnas.cz\/wp-content\/uploads\/planet_fox-beer-8002252_640.jpg","url":"https:\/\/www.prosvetkolemnas.cz\/wp-content\/uploads\/planet_fox-beer-8002252_640.jpg","height":0,"width":0},"wordCount":588,"keywords":null},{"@type":"Article","@id":"https:\/\/www.prosvetkolemnas.cz\/platene-nakupni-tasky-se-daji-slozit-do-prirucniho-zavazadla\/","headline":"Pl\u00e1t\u011bn\u00e9 n\u00e1kupn\u00ed ta\u0161ky se daj\u00ed slo\u017eit do p\u0159\u00edru\u010dn\u00edho zavazadla","url":"https:\/\/www.prosvetkolemnas.cz\/platene-nakupni-tasky-se-daji-slozit-do-prirucniho-zavazadla\/","datePublished":"2026-01-01","dateModified":"2026-01-01","mainEntityOfPage":"https:\/\/www.prosvetkolemnas.cz\/platene-nakupni-tasky-se-daji-slozit-do-prirucniho-zavazadla\/","author":{"@type":"Person","@id":"https:\/\/www.prosvetkolemnas.cz\/author\/#Person","name":"","url":"https:\/\/www.prosvetkolemnas.cz\/author\/","identifier":1,"image":{"@type":"ImageObject","@id":"https:\/\/secure.gravatar.com\/avatar\/4a857923b487546550539169ba61d16e7910c692fb61fb4681a6882b9bc918c0?s=96&d=mm&r=g","url":"https:\/\/secure.gravatar.com\/avatar\/4a857923b487546550539169ba61d16e7910c692fb61fb4681a6882b9bc918c0?s=96&d=mm&r=g","height":96,"width":96}},"publisher":{"@type":"Organization","name":"prosvetkolemnas.cz","logo":{"@type":"ImageObject","@id":"\/logo.png","url":"\/logo.png","width":600,"height":60}},"image":{"@type":"ImageObject","@id":"https:\/\/www.prosvetkolemnas.cz\/wp-content\/uploads\/surprising_media-girl-7296049_640.jpg","url":"https:\/\/www.prosvetkolemnas.cz\/wp-content\/uploads\/surprising_media-girl-7296049_640.jpg","height":0,"width":0},"wordCount":553,"keywords":null},{"@type":"Article","@id":"https:\/\/www.prosvetkolemnas.cz\/vlastni-bydleni-v-praze\/","headline":"Vlastn\u00ed bydlen\u00ed v Praze","url":"https:\/\/www.prosvetkolemnas.cz\/vlastni-bydleni-v-praze\/","datePublished":"2025-12-11","dateModified":"2025-12-11","mainEntityOfPage":"https:\/\/www.prosvetkolemnas.cz\/vlastni-bydleni-v-praze\/","author":{"@type":"Person","@id":"https:\/\/www.prosvetkolemnas.cz\/author\/#Person","name":"","url":"https:\/\/www.prosvetkolemnas.cz\/author\/","identifier":1,"image":{"@type":"ImageObject","@id":"https:\/\/secure.gravatar.com\/avatar\/4a857923b487546550539169ba61d16e7910c692fb61fb4681a6882b9bc918c0?s=96&d=mm&r=g","url":"https:\/\/secure.gravatar.com\/avatar\/4a857923b487546550539169ba61d16e7910c692fb61fb4681a6882b9bc918c0?s=96&d=mm&r=g","height":96,"width":96}},"publisher":{"@type":"Organization","name":"prosvetkolemnas.cz","logo":{"@type":"ImageObject","@id":"\/logo.png","url":"\/logo.png","width":600,"height":60}},"image":{"@type":"ImageObject","@id":"https:\/\/www.prosvetkolemnas.cz\/wp-content\/uploads\/sale-3701777_640_1.jpg","url":"https:\/\/www.prosvetkolemnas.cz\/wp-content\/uploads\/sale-3701777_640_1.jpg","height":0,"width":0},"wordCount":567,"keywords":null},{"@type":"Article","@id":"https:\/\/www.prosvetkolemnas.cz\/jak-vybrat-a-uzit-si-ho-naplno\/","headline":"Jak vybrat a u\u017e\u00edt si ho naplno","url":"https:\/\/www.prosvetkolemnas.cz\/jak-vybrat-a-uzit-si-ho-naplno\/","datePublished":"2025-11-25","dateModified":"2025-11-25","mainEntityOfPage":"https:\/\/www.prosvetkolemnas.cz\/jak-vybrat-a-uzit-si-ho-naplno\/","author":{"@type":"Person","@id":"https:\/\/www.prosvetkolemnas.cz\/author\/#Person","name":"","url":"https:\/\/www.prosvetkolemnas.cz\/author\/","identifier":1,"image":{"@type":"ImageObject","@id":"https:\/\/secure.gravatar.com\/avatar\/4a857923b487546550539169ba61d16e7910c692fb61fb4681a6882b9bc918c0?s=96&d=mm&r=g","url":"https:\/\/secure.gravatar.com\/avatar\/4a857923b487546550539169ba61d16e7910c692fb61fb4681a6882b9bc918c0?s=96&d=mm&r=g","height":96,"width":96}},"publisher":{"@type":"Organization","name":"prosvetkolemnas.cz","logo":{"@type":"ImageObject","@id":"\/logo.png","url":"\/logo.png","width":600,"height":60}},"image":{"@type":"ImageObject","@id":"https:\/\/www.prosvetkolemnas.cz\/wp-content\/uploads\/portrait-2915452_1920.jpg","url":"https:\/\/www.prosvetkolemnas.cz\/wp-content\/uploads\/portrait-2915452_1920.jpg","height":0,"width":0},"wordCount":629,"keywords":null},{"@type":"Article","@id":"https:\/\/www.prosvetkolemnas.cz\/geo-a-microsoft-ads-jsou-dulezitymi-hraci-ve-virtualnim-svete-internetu\/","headline":"GEO a Microsoft Ads jsou d\u016fle\u017eit\u00fdmi hr\u00e1\u010di ve virtu\u00e1ln\u00edm sv\u011bt\u011b Internetu","url":"https:\/\/www.prosvetkolemnas.cz\/geo-a-microsoft-ads-jsou-dulezitymi-hraci-ve-virtualnim-svete-internetu\/","datePublished":"2025-11-17","dateModified":"2025-11-17","mainEntityOfPage":"https:\/\/www.prosvetkolemnas.cz\/geo-a-microsoft-ads-jsou-dulezitymi-hraci-ve-virtualnim-svete-internetu\/","author":{"@type":"Person","@id":"https:\/\/www.prosvetkolemnas.cz\/author\/#Person","name":"","url":"https:\/\/www.prosvetkolemnas.cz\/author\/","identifier":1,"image":{"@type":"ImageObject","@id":"https:\/\/secure.gravatar.com\/avatar\/4a857923b487546550539169ba61d16e7910c692fb61fb4681a6882b9bc918c0?s=96&d=mm&r=g","url":"https:\/\/secure.gravatar.com\/avatar\/4a857923b487546550539169ba61d16e7910c692fb61fb4681a6882b9bc918c0?s=96&d=mm&r=g","height":96,"width":96}},"publisher":{"@type":"Organization","name":"prosvetkolemnas.cz","logo":{"@type":"ImageObject","@id":"\/logo.png","url":"\/logo.png","width":600,"height":60}},"image":{"@type":"ImageObject","@id":"https:\/\/www.prosvetkolemnas.cz\/wp-content\/uploads\/code-1076536_640_10_10_9.jpg","url":"https:\/\/www.prosvetkolemnas.cz\/wp-content\/uploads\/code-1076536_640_10_10_9.jpg","height":0,"width":0},"wordCount":594,"keywords":null},{"@type":"Article","@id":"https:\/\/www.prosvetkolemnas.cz\/kdyz-ma-video-myslenku-funguje\/","headline":"Kdy\u017e m\u00e1 video my\u0161lenku, funguje","url":"https:\/\/www.prosvetkolemnas.cz\/kdyz-ma-video-myslenku-funguje\/","datePublished":"2025-11-17","dateModified":"2025-11-17","mainEntityOfPage":"https:\/\/www.prosvetkolemnas.cz\/kdyz-ma-video-myslenku-funguje\/","author":{"@type":"Person","@id":"https:\/\/www.prosvetkolemnas.cz\/author\/#Person","name":"","url":"https:\/\/www.prosvetkolemnas.cz\/author\/","identifier":1,"image":{"@type":"ImageObject","@id":"https:\/\/secure.gravatar.com\/avatar\/4a857923b487546550539169ba61d16e7910c692fb61fb4681a6882b9bc918c0?s=96&d=mm&r=g","url":"https:\/\/secure.gravatar.com\/avatar\/4a857923b487546550539169ba61d16e7910c692fb61fb4681a6882b9bc918c0?s=96&d=mm&r=g","height":96,"width":96}},"publisher":{"@type":"Organization","name":"prosvetkolemnas.cz","logo":{"@type":"ImageObject","@id":"\/logo.png","url":"\/logo.png","width":600,"height":60}},"image":{"@type":"ImageObject","@id":"https:\/\/www.prosvetkolemnas.cz\/wp-content\/uploads\/video_zhCD8n.png","url":"https:\/\/www.prosvetkolemnas.cz\/wp-content\/uploads\/video_zhCD8n.png","height":0,"width":0},"wordCount":533,"keywords":null},{"@type":"Article","@id":"https:\/\/www.prosvetkolemnas.cz\/reklamni-tricka-pro-retro-party\/","headline":"Reklamn\u00ed tri\u010dka pro retro party","url":"https:\/\/www.prosvetkolemnas.cz\/reklamni-tricka-pro-retro-party\/","datePublished":"2025-11-14","dateModified":"2025-11-14","mainEntityOfPage":"https:\/\/www.prosvetkolemnas.cz\/reklamni-tricka-pro-retro-party\/","author":{"@type":"Person","@id":"https:\/\/www.prosvetkolemnas.cz\/author\/#Person","name":"","url":"https:\/\/www.prosvetkolemnas.cz\/author\/","identifier":1,"image":{"@type":"ImageObject","@id":"https:\/\/secure.gravatar.com\/avatar\/4a857923b487546550539169ba61d16e7910c692fb61fb4681a6882b9bc918c0?s=96&d=mm&r=g","url":"https:\/\/secure.gravatar.com\/avatar\/4a857923b487546550539169ba61d16e7910c692fb61fb4681a6882b9bc918c0?s=96&d=mm&r=g","height":96,"width":96}},"publisher":{"@type":"Organization","name":"prosvetkolemnas.cz","logo":{"@type":"ImageObject","@id":"\/logo.png","url":"\/logo.png","width":600,"height":60}},"image":{"@type":"ImageObject","@id":"https:\/\/www.prosvetkolemnas.cz\/wp-content\/uploads\/woman-524141_640_10_10_2.jpg","url":"https:\/\/www.prosvetkolemnas.cz\/wp-content\/uploads\/woman-524141_640_10_10_2.jpg","height":0,"width":0},"wordCount":619,"keywords":null},{"@type":"Article","@id":"https:\/\/www.prosvetkolemnas.cz\/jaka-reklama-je-ta-prava\/","headline":"Jak\u00e1 reklama je ta prav\u00e1?","url":"https:\/\/www.prosvetkolemnas.cz\/jaka-reklama-je-ta-prava\/","datePublished":"2025-10-27","dateModified":"2025-10-27","mainEntityOfPage":"https:\/\/www.prosvetkolemnas.cz\/jaka-reklama-je-ta-prava\/","author":{"@type":"Person","@id":"https:\/\/www.prosvetkolemnas.cz\/author\/#Person","name":"","url":"https:\/\/www.prosvetkolemnas.cz\/author\/","identifier":1,"image":{"@type":"ImageObject","@id":"https:\/\/secure.gravatar.com\/avatar\/4a857923b487546550539169ba61d16e7910c692fb61fb4681a6882b9bc918c0?s=96&d=mm&r=g","url":"https:\/\/secure.gravatar.com\/avatar\/4a857923b487546550539169ba61d16e7910c692fb61fb4681a6882b9bc918c0?s=96&d=mm&r=g","height":96,"width":96}},"publisher":{"@type":"Organization","name":"prosvetkolemnas.cz","logo":{"@type":"ImageObject","@id":"\/logo.png","url":"\/logo.png","width":600,"height":60}},"image":{"@type":"ImageObject","@id":"https:\/\/www.prosvetkolemnas.cz\/wp-content\/uploads\/%C5%BE%C5%BE%C5%BE%C5%BE%C5%BE%C5%BE%C5%BE%C5%BE%C5%BE%C5%BE%C5%BE%C5%BE%C5%BE%C5%BE%C5%BE%C5%BE%C5%BE%C5%BE%C5%BE%C5%BE%C5%BE%C5%BE%C5%BE%C5%BE%C5%BE%C5%BE%C5%BE%C5%BE%C5%BE%C5%BE.jpg","url":"https:\/\/www.prosvetkolemnas.cz\/wp-content\/uploads\/%C5%BE%C5%BE%C5%BE%C5%BE%C5%BE%C5%BE%C5%BE%C5%BE%C5%BE%C5%BE%C5%BE%C5%BE%C5%BE%C5%BE%C5%BE%C5%BE%C5%BE%C5%BE%C5%BE%C5%BE%C5%BE%C5%BE%C5%BE%C5%BE%C5%BE%C5%BE%C5%BE%C5%BE%C5%BE%C5%BE.jpg","height":0,"width":0},"wordCount":767,"keywords":null},{"@type":"Article","@id":"https:\/\/www.prosvetkolemnas.cz\/jak-rict-kamaradce-ze-jeji-dite-je-postrach\/","headline":"Jak \u0159\u00edct kamar\u00e1dce, \u017ee jej\u00ed d\u00edt\u011b je postrach!","url":"https:\/\/www.prosvetkolemnas.cz\/jak-rict-kamaradce-ze-jeji-dite-je-postrach\/","datePublished":"2025-10-24","dateModified":"2025-10-24","mainEntityOfPage":"https:\/\/www.prosvetkolemnas.cz\/jak-rict-kamaradce-ze-jeji-dite-je-postrach\/","author":{"@type":"Person","@id":"https:\/\/www.prosvetkolemnas.cz\/author\/#Person","name":"","url":"https:\/\/www.prosvetkolemnas.cz\/author\/","identifier":1,"image":{"@type":"ImageObject","@id":"https:\/\/secure.gravatar.com\/avatar\/4a857923b487546550539169ba61d16e7910c692fb61fb4681a6882b9bc918c0?s=96&d=mm&r=g","url":"https:\/\/secure.gravatar.com\/avatar\/4a857923b487546550539169ba61d16e7910c692fb61fb4681a6882b9bc918c0?s=96&d=mm&r=g","height":96,"width":96}},"publisher":{"@type":"Organization","name":"prosvetkolemnas.cz","logo":{"@type":"ImageObject","@id":"\/logo.png","url":"\/logo.png","width":600,"height":60}},"image":{"@type":"ImageObject","@id":"https:\/\/www.prosvetkolemnas.cz\/wp-content\/uploads\/img_a301482_w1943_t1511559813.jpg","url":"https:\/\/www.prosvetkolemnas.cz\/wp-content\/uploads\/img_a301482_w1943_t1511559813.jpg","height":0,"width":0},"wordCount":832,"keywords":null},{"@type":"Article","@id":"https:\/\/www.prosvetkolemnas.cz\/severni-italie-to-nejsou-jenom-benatky-a-milano\/","headline":"Severn\u00ed It\u00e1lie &#8211; to nejsou jenom Ben\u00e1tky a Milano","url":"https:\/\/www.prosvetkolemnas.cz\/severni-italie-to-nejsou-jenom-benatky-a-milano\/","datePublished":"2025-10-24","dateModified":"2025-10-24","mainEntityOfPage":"https:\/\/www.prosvetkolemnas.cz\/severni-italie-to-nejsou-jenom-benatky-a-milano\/","author":{"@type":"Person","@id":"https:\/\/www.prosvetkolemnas.cz\/author\/#Person","name":"","url":"https:\/\/www.prosvetkolemnas.cz\/author\/","identifier":1,"image":{"@type":"ImageObject","@id":"https:\/\/secure.gravatar.com\/avatar\/4a857923b487546550539169ba61d16e7910c692fb61fb4681a6882b9bc918c0?s=96&d=mm&r=g","url":"https:\/\/secure.gravatar.com\/avatar\/4a857923b487546550539169ba61d16e7910c692fb61fb4681a6882b9bc918c0?s=96&d=mm&r=g","height":96,"width":96}},"publisher":{"@type":"Organization","name":"prosvetkolemnas.cz","logo":{"@type":"ImageObject","@id":"\/logo.png","url":"\/logo.png","width":600,"height":60}},"image":null,"wordCount":502,"keywords":null}]},{"@context":"https:\/\/schema.org","@type":"WebSite","@id":"https:\/\/www.prosvetkolemnas.cz\/#website","name":" Prosvetkolemnas","url":"https:\/\/www.prosvetkolemnas.cz","potentialAction":{"@type":"SearchAction","target":"https:\/\/www.prosvetkolemnas.cz\/?s={search_term_string}","query-input":"required name=search_term_string"}}]